{"id":755280,"date":"2016-09-04T11:03:48","date_gmt":"2016-09-04T09:03:48","guid":{"rendered":"https:\/\/dailynewshungary.com\/de\/stabile-turkei-ungarns-nationales-sicherheitsinteresse-sagt-ausenminister-in-bratislava\/"},"modified":"2016-09-04T11:03:48","modified_gmt":"2016-09-04T09:03:48","slug":"stabile-turkei-ungarns-nationales-sicherheitsinteresse-sagt-ausenminister-in-bratislava","status":"publish","type":"post","link":"https:\/\/dailynewshungary.com\/de\/stabile-turkei-ungarns-nationales-sicherheitsinteresse-sagt-ausenminister-in-bratislava\/","title":{"rendered":"Stabile T\u00fcrkei Ungarns nationales Sicherheitsinteresse, sagt Au\u00dfenminister in Bratislava"},"content":{"rendered":"<p><strong>Pozsony (Bratislava) (MTI) (Die Verhinderung eines weiteren Putschversuchs in der T\u00fcrkei liege aus Sicht der nationalen Sicherheit im Interesse Ungarns, sagte der Au\u00dfenminister in Pozsony (Bratislava) nach einem Treffen der EU-Au\u00dfenminister mit a T\u00fcrkische Delegation.<\/strong><\/p>\n<p>Die T\u00fcrkei m\u00fcsse ein stabiles Land bleiben, sonst k\u00f6nne Europa einer noch massiveren Migrationswelle ausgesetzt sein als im vergangenen Jahr, sagte P\u00e9ter Szijj\u00e1rt\u00f3 ungarischen Reportern.<\/p>\n<p>Einige der EU-Au\u00dfenminister \u00e4u\u00dferten sich besorgt \u00fcber die Strafma\u00dfnahmen, die die t\u00fcrkische Regierung als Reaktion auf den Putschversuch ergriffen habe, sagte er.<\/p>\n<p>Ungarn vertritt in dieser Hinsicht den Standpunkt, dass ein Milit\u00e4rputsch \u201eeine ernste Angelegenheit ist und es nicht verwunderlich ist, dass die t\u00fcrkische F\u00fchrung ernsthaft auf einen solchen Versuch reagiert hat\u201csagte Szijj\u00e1rt\u00f3.<\/p>\n<p>\u201cUngarn wird in jeder Hinsicht dem demokratisch gew\u00e4hlten F\u00fchrer der T\u00fcrkei und seiner Regierung zur Seite stehen\u201d, sagte er und f\u00fcgte hinzu, dass die ungarische Regierung alle Ma\u00dfnahmen unterst\u00fctzen w\u00fcrde, die darauf abzielen, einen weiteren Putschversuch zu verhindern.<\/p>\n<p>Szijj\u00e1rt\u00f3 nahm an einem zweit\u00e4gigen informellen Treffen der EU-Au\u00dfenminister in der slowakischen Hauptstadt teil.<\/p>\n","protected":false},"excerpt":{"rendered":"<p>Pozsony (Bratislava) (MTI) (Die Verhinderung eines weiteren Putschversuchs in der T\u00fcrkei liege aus Sicht der nationalen Sicherheit im Interesse Ungarns, sagte der Au\u00dfenminister in Pozsony (Bratislava) nach einem Treffen der EU-Au\u00dfenminister mit a T\u00fcrkische Delegation. Die T\u00fcrkei m\u00fcsse ein stabiles Land bleiben, sonst k\u00f6nne Europa einer noch massiveren Migrationswelle ausgesetzt sein als im vergangenen Jahr, [&hellip;]<\/p>\n","protected":false},"author":2,"featured_media":755281,"comment_status":"open","ping_status":"open","sticky":false,"template":"","format":"standard","meta":{"_acf_changed":false,"_display_image":"","footnotes":""},"categories":[1081],"tags":[1169,1082,1173,1200],"class_list":["post-755280","post","type-post","status-publish","format-standard","has-post-thumbnail","hentry","category-politik","tag-aussenministerium-von-ungarn","tag-europaische-union","tag-slowakei","tag-turkei"],"blocksy_meta":[],"acf":[],"author_username":"alk","telegram_post":"","public_post_metadata":{"breaking_news":"","important":"","csempe":"","center_tile":"","disable_thumbnail":"","target_lang":"","_featured_image_style":"","telegram_post":"","_xlat_group_id":""},"public_rank_math_data":{"title":"%title% %sep% %sitename%","description":"","focus_keyword":"Truthahn hungary","canonical_url":"","robots":"","primary_category":"1081","breadcrumb_title":"","facebook_title":"","facebook_description":"","facebook_image":"","facebook_image_id":"","twitter_title":"","twitter_description":"","twitter_image":"","twitter_image_id":"","twitter_card_type":"","twitter_use_facebook":"","advanced_robots":"","pillar_content":"","seo_score":"45","contentai_score":"","rich_snippet":""},"_links":{"self":[{"href":"https:\/\/dailynewshungary.com\/de\/wp-json\/wp\/v2\/posts\/755280","targetHints":{"allow":["GET"]}}],"collection":[{"href":"https:\/\/dailynewshungary.com\/de\/wp-json\/wp\/v2\/posts"}],"about":[{"href":"https:\/\/dailynewshungary.com\/de\/wp-json\/wp\/v2\/types\/post"}],"author":[{"embeddable":true,"href":"https:\/\/dailynewshungary.com\/de\/wp-json\/wp\/v2\/users\/2"}],"replies":[{"embeddable":true,"href":"https:\/\/dailynewshungary.com\/de\/wp-json\/wp\/v2\/comments?post=755280"}],"version-history":[{"count":0,"href":"https:\/\/dailynewshungary.com\/de\/wp-json\/wp\/v2\/posts\/755280\/revisions"}],"wp:featuredmedia":[{"embeddable":true,"href":"https:\/\/dailynewshungary.com\/de\/wp-json\/wp\/v2\/media\/755281"}],"wp:attachment":[{"href":"https:\/\/dailynewshungary.com\/de\/wp-json\/wp\/v2\/media?parent=755280"}],"wp:term":[{"taxonomy":"category","embeddable":true,"href":"https:\/\/dailynewshungary.com\/de\/wp-json\/wp\/v2\/categories?post=755280"},{"taxonomy":"post_tag","embeddable":true,"href":"https:\/\/dailynewshungary.com\/de\/wp-json\/wp\/v2\/tags?post=755280"}],"curies":[{"name":"wp","href":"https:\/\/api.w.org\/{rel}","templated":true}]}}