{"id":755293,"date":"2016-09-03T15:00:56","date_gmt":"2016-09-03T13:00:56","guid":{"rendered":"https:\/\/dailynewshungary.com\/de\/eu-ausenminister-in-bratislava-szijjarto-betont-die-bedeutung-der-sicherheit-fur-europa\/"},"modified":"2016-09-03T15:00:56","modified_gmt":"2016-09-03T13:00:56","slug":"eu-ausenminister-in-bratislava-szijjarto-betont-die-bedeutung-der-sicherheit-fur-europa","status":"publish","type":"post","link":"https:\/\/dailynewshungary.com\/de\/eu-ausenminister-in-bratislava-szijjarto-betont-die-bedeutung-der-sicherheit-fur-europa\/","title":{"rendered":"EU-Au\u00dfenminister in Bratislava \u2013 Szijj\u00e1rt\u00f3 betont die Bedeutung der Sicherheit f\u00fcr Europa"},"content":{"rendered":"<p><strong>Pozsony (MTI) \u2013 Fragen rund um die Sicherheit m\u00fcssen f\u00fcr die Gestaltung der Politik der Europ\u00e4ischen Union von gr\u00f6\u00dfter Bedeutung sein, sagte der ungarische Au\u00dfenminister am Freitag in Pozsony (Bratislava).<\/strong><\/p>\n<p>Am Rande eines informellen Treffens seiner europ\u00e4ischen Amtskollegen erkl\u00e4rte P\u00e9ter Szijj\u00e1rt\u00f3 gegen\u00fcber MTI, dass Migration eine \u201eau\u00dfergew\u00f6hnliche Bedrohung durch den Terrorismus\u201cgeschaffen habe, mit mehr Gewalt gegen Frauen und mehr Kriminalit\u00e4t im Allgemeinen.<\/p>\n<p>\u201cEuropa steht vor einer Sicherheitskrise\u201d, sagte der Minister und f\u00fcgte hinzu, dass Sicherheit ein vorrangiger Aspekt bei politischen Entscheidungen auf EU-Ebene sein sollte.<\/p>\n<p>Um die Sicherheit in Europa zu f\u00f6rdern, sei ein gemeinsames europ\u00e4isches Milit\u00e4r erforderlich, sagte Szijj\u00e1rt\u00f3, w\u00e4hrend \u201eBr\u00fcssel die L\u00e4nder in Ruhe lassen sollte, die sich f\u00fcr den Schutz ihrer eigenen Grenzen einsetzen.\u201cEr stellte fest, dass Ungarn beschlossen habe, entlang seiner Grenze zu Serbien einen neuen Zaun zu errichten.<\/p>\n<p>Szijj\u00e1rt\u00f3 schlug au\u00dferdem vor, dass Kritiker der t\u00fcrkischen Regierung aufh\u00f6ren sollten: \u201eWer die demokratisch gew\u00e4hlte Regierung der T\u00fcrkei und ihren Pr\u00e4sidenten verunglimpft, greift tats\u00e4chlich die Sicherheit Europas an.\u201cWenn die T\u00fcrkei kein stabiles Land ist, wird sie die Einwanderungswelle an ihren Grenzen nicht aufhalten k\u00f6nnen, argumentierte er.<\/p>\n<p>L\u00e4nder im Nahen Osten und Nordafrika, die Migranten stoppen k\u00f6nnten, sollten unterst\u00fctzt werden, w\u00e4hrend die Stabilit\u00e4t im Westbalkan durch die Integration seiner L\u00e4nder in die Europ\u00e4ische Union gew\u00e4hrleistet werden sollte, sagte der Minister.<\/p>\n<p>Zu einem anderen Thema sagte Szijj\u00e1rt\u00f3, dass die EU angesichts \u201ekeiner Fortschritte\u201cbei der Umsetzung des Minsker Abkommens \u201eihre fr\u00fcheren Schritte bewerten und entscheiden muss, ob die Sanktionen gegen Russland den Erwartungen entsprochen haben, und beurteilen muss, welchen Schaden die Sanktionen angerichtet haben Europas Volkswirtschaften\u201d.<\/p>\n<p><em>Foto: MTI<\/em><\/p>\n","protected":false},"excerpt":{"rendered":"<p>Pozsony (MTI) \u2013 Fragen rund um die Sicherheit m\u00fcssen f\u00fcr die Gestaltung der Politik der Europ\u00e4ischen Union von gr\u00f6\u00dfter Bedeutung sein, sagte der ungarische Au\u00dfenminister am Freitag in Pozsony (Bratislava). Am Rande eines informellen Treffens seiner europ\u00e4ischen Amtskollegen erkl\u00e4rte P\u00e9ter Szijj\u00e1rt\u00f3 gegen\u00fcber MTI, dass Migration eine \u201eau\u00dfergew\u00f6hnliche Bedrohung durch den Terrorismus\u201cgeschaffen habe, mit mehr Gewalt [&hellip;]<\/p>\n","protected":false},"author":2,"featured_media":755295,"comment_status":"open","ping_status":"open","sticky":false,"template":"","format":"standard","meta":{"_acf_changed":false,"_display_image":"","footnotes":""},"categories":[1081],"tags":[1470,1082,1445,1173,1543],"class_list":["post-755293","post","type-post","status-publish","format-standard","has-post-thumbnail","hentry","category-politik","tag-ausenministerium-fur-ungarn","tag-europaische-union","tag-migration","tag-slowakei","tag-terrorismus"],"blocksy_meta":[],"acf":[],"author_username":"alk","telegram_post":"","public_post_metadata":{"breaking_news":"","important":"","csempe":"","center_tile":"","disable_thumbnail":"","target_lang":"","_featured_image_style":"","telegram_post":"","_xlat_group_id":""},"public_rank_math_data":{"title":"%title% %sep% %sitename%","description":"","focus_keyword":"eu Au\u00dfenminister","canonical_url":"","robots":"","primary_category":"1081","breadcrumb_title":"","facebook_title":"","facebook_description":"","facebook_image":"","facebook_image_id":"","twitter_title":"","twitter_description":"","twitter_image":"","twitter_image_id":"","twitter_card_type":"","twitter_use_facebook":"","advanced_robots":"","pillar_content":"","seo_score":"45","contentai_score":"","rich_snippet":""},"_links":{"self":[{"href":"https:\/\/dailynewshungary.com\/de\/wp-json\/wp\/v2\/posts\/755293","targetHints":{"allow":["GET"]}}],"collection":[{"href":"https:\/\/dailynewshungary.com\/de\/wp-json\/wp\/v2\/posts"}],"about":[{"href":"https:\/\/dailynewshungary.com\/de\/wp-json\/wp\/v2\/types\/post"}],"author":[{"embeddable":true,"href":"https:\/\/dailynewshungary.com\/de\/wp-json\/wp\/v2\/users\/2"}],"replies":[{"embeddable":true,"href":"https:\/\/dailynewshungary.com\/de\/wp-json\/wp\/v2\/comments?post=755293"}],"version-history":[{"count":0,"href":"https:\/\/dailynewshungary.com\/de\/wp-json\/wp\/v2\/posts\/755293\/revisions"}],"wp:featuredmedia":[{"embeddable":true,"href":"https:\/\/dailynewshungary.com\/de\/wp-json\/wp\/v2\/media\/755295"}],"wp:attachment":[{"href":"https:\/\/dailynewshungary.com\/de\/wp-json\/wp\/v2\/media?parent=755293"}],"wp:term":[{"taxonomy":"category","embeddable":true,"href":"https:\/\/dailynewshungary.com\/de\/wp-json\/wp\/v2\/categories?post=755293"},{"taxonomy":"post_tag","embeddable":true,"href":"https:\/\/dailynewshungary.com\/de\/wp-json\/wp\/v2\/tags?post=755293"}],"curies":[{"name":"wp","href":"https:\/\/api.w.org\/{rel}","templated":true}]}}