{"id":755371,"date":"2016-08-31T22:50:33","date_gmt":"2016-08-31T20:50:33","guid":{"rendered":"https:\/\/dailynewshungary.com\/de\/ungarischer-ausenminister-trifft-eu-integrationsminister-serbiens\/"},"modified":"2016-08-31T22:50:33","modified_gmt":"2016-08-31T20:50:33","slug":"ungarischer-ausenminister-trifft-eu-integrationsminister-serbiens","status":"publish","type":"post","link":"https:\/\/dailynewshungary.com\/de\/ungarischer-ausenminister-trifft-eu-integrationsminister-serbiens\/","title":{"rendered":"Ungarischer Au\u00dfenminister trifft EU-Integrationsminister Serbiens"},"content":{"rendered":"<p>&nbsp;<\/p>\n<p><strong>Budapest, 31. August (MTI) \u2013 Die Stabilit\u00e4t S\u00fcdosteuropas ist ein nationales Sicherheits &#8211; und Wirtschaftsinteresse, daher unternimmt Ungarn alle Anstrengungen, um Serbiens Beitrittsgespr\u00e4che zur Europ\u00e4ischen Union zu unterst\u00fctzen, sagte Au\u00dfenminister P\u00e9ter Szijj\u00e1rt\u00f3 am Mittwoch.<\/strong><\/p>\n<p>Nach Gespr\u00e4chen mit Serbiens EU-Integrationsministerin Jadranka Joksimovic erkl\u00e4rte Szijj\u00e1rt\u00f3, dass jeder Versuch von EU-Institutionen oder Mitgliedstaaten, den Integrationsprozess Serbiens zu verlangsamen, \u201cinakzeptabel\u201d sei Serbien habe alle Voraussetzungen f\u00fcr die Aufnahme von Beitrittsgespr\u00e4chen erf\u00fcllt, f\u00fcgte er hinzu.<\/p>\n<p>Szijj\u00e1rt\u00f3 sagte, Ungarn werde die EU-Institutionen auffordern, die serbischen Beitrittsgespr\u00e4che bis sp\u00e4testens 2020 abzuschlie\u00dfen.<\/p>\n<p>Der Minister sagte, dass das Karpatenbecken ein gl\u00fccklicherer Ort zum Leben w\u00e4re, wenn alle Nachbarn Ungarns so viel f\u00fcr ihre ethnischen ungarischen Minderheiten tun w\u00fcrden wie Serbien.<\/p>\n<p>Da die Lage auf dem Westbalkan immer noch Anlass zur Sorge gebe, sollte die Stabilisierung der Region durch Integration eine Hauptaufgabe der Europ\u00e4ischen Union sein, sagte Szijj\u00e1rt\u00f3.<\/p>\n<p>Die Instabilit\u00e4t der Region und ihr daraus resultierendes Vers\u00e4umnis, die Migrationswelle aufzuhalten, w\u00fcrden eine \u201cunglaubliche Gefahr\u201d f\u00fcr Ungarn darstellenEr stellte fest, dass die europ\u00e4ischen Institutionen acht Beschl\u00fcsse gefasst h\u00e4tten, die \u201cMenschen in zweifellos schwierigen Situationen\u201d entlang der s\u00fcd\u00f6stlichen Grenzen Europas dazu ermutigten, auf diesen Kontinent aufzubrechen, sagte er.<\/p>\n<p>Szijj\u00e1rt\u00f3 bekr\u00e4ftigte, dass Ungarn niemanden unkontrolliert in sein Hoheitsgebiet und das des Schengen-Raums und der Europ\u00e4ischen Union einreisen lassen werde.<\/p>\n<p>Der Minister sagte, dass der im letzten Jahr entlang der ungarisch-serbischen Grenze errichtete Zaun diejenigen fernhalten sollte, die \u201cillegal, durch Verletzung unserer Souver\u00e4nit\u00e4t und Grenzen nach Ungarn einreisen wollten\u201d Er merkte an, dass es nicht die Serben seien, die illegal und massenhaft die Grenze \u00fcberqueren wollten.<\/p>\n<p>Szijj\u00e1rt\u00f3 sagte, Ungarn werde ab dem n\u00e4chsten Jahr neue Grenz\u00fcbergangsstellen an der serbischen Grenze er\u00f6ffnen Ungarn werde Grenzstationen f\u00fcr diejenigen bauen, die legal in das Land einreisen wollen, und Z\u00e4une f\u00fcr diejenigen, die mit betr\u00fcgerischer Absicht einreisen wollen, sagte der Minister.<\/p>\n<p>Szijj\u00e1rt\u00f3 sagte, er und Joksimovic h\u00e4tten auch \u00fcber die Intensivierung gemeinsamer \u00d6l- und Gasbergbau- und -f\u00f6rderungsma\u00dfnahmen an der ungarisch-serbischen Grenze gesprochen, um die Energiesicherheit zu verbessern.<\/p>\n<p>Er sagte, Premierminister Viktor Orb\u00e1n werde am kommenden Montag Belgrad besuchen und der ungarisch-serbische zwischenstaatliche Ausschuss, der die Erneuerung der Eisenbahnlinie Budapest-Belgrad \u00fcberwacht, werde am Freitag in Serbien zusammentreten.<\/p>\n<figure id=\"attachment_82349\" aria-describedby=\"caption-attachment-82349\" style=\"width: 204px\" class=\"wp-caption alignright\"><img loading=\"lazy\" decoding=\"async\" class=\"size-medium wp-image-82349\" src=\"https:\/\/dailynewshungary.com\/wp-content\/uploads\/2016\/08\/D_NOE20160831006-204x300.jpg\" alt=\"Jadranka Joksimovic, Foto: MTI\" width=\"204\" height=\"300\" srcset=\"https:\/\/contentf5.dailynewshungary.com\/wp-content\/uploads\/2016\/08\/D_NOE20160831006-204x300.jpg 204w, https:\/\/contentf5.dailynewshungary.com\/wp-content\/uploads\/2016\/08\/D_NOE20160831006-768x1127.jpg 768w, https:\/\/contentf5.dailynewshungary.com\/wp-content\/uploads\/2016\/08\/D_NOE20160831006-698x1024.jpg 698w, https:\/\/contentf5.dailynewshungary.com\/wp-content\/uploads\/2016\/08\/D_NOE20160831006-150x220.jpg 150w, https:\/\/contentf5.dailynewshungary.com\/wp-content\/uploads\/2016\/08\/D_NOE20160831006-610x895.jpg 610w, https:\/\/contentf5.dailynewshungary.com\/wp-content\/uploads\/2016\/08\/D_NOE20160831006-1080x1585.jpg 1080w\" sizes=\"auto, (max-width: 204px) 100vw, 204px\"><figcaption id=\"caption-attachment-82349\" class=\"wp-caption-text\">Jadranka Joksimovic, Foto: MTI<\/figcaption><\/figure>\n<p>Joksimovic sagte, Ungarn habe bewiesen, dass es die Interessen des Westbalkans wahrnehme und Serbiens euroatlantische Integration unterst\u00fctze.<\/p>\n<p>Sie sagte, die Aufrechterhaltung guter Beziehungen zu Ungarn sei auch deshalb wichtig, weil in Serbien eine betr\u00e4chtliche Anzahl ethnischer Ungarn lebe und die Regierung sie in das politische Leben des Landes einbeziehen wolle. Serbien tue sein Bestes, um die Situation seiner ethnischen ungarischen Minderheit zu verbessern, da diese Gruppe eine der gr\u00f6\u00dften ethnischen Gemeinschaften des Landes darstelle, sagte sie.<\/p>\n<p>In Bezug auf Ungarns Referendum \u00fcber die Migrantenquote, das f\u00fcr den 2. Oktober geplant ist, sagte Joksimovic, Serbien verstehe die Interessen UngarnsSie sagte, die EU sollte eine klare Politik f\u00fcr die Patrouille an ihren Au\u00dfengrenzen verfolgen, um den Migrationsdruck auf der Westbalkanroute zu verringern Dies w\u00fcrde auch die Situation Serbiens verbessern, sagte sie.<\/p>\n<p>Joksimovic sagte, Ungarn und Serbien w\u00fcrden im Herbst ein gemeinsames Regierungstreffen abhalten.<\/p>\n","protected":false},"excerpt":{"rendered":"<p>&nbsp; Budapest, 31. August (MTI) \u2013 Die Stabilit\u00e4t S\u00fcdosteuropas ist ein nationales Sicherheits &#8211; und Wirtschaftsinteresse, daher unternimmt Ungarn alle Anstrengungen, um Serbiens Beitrittsgespr\u00e4che zur Europ\u00e4ischen Union zu unterst\u00fctzen, sagte Au\u00dfenminister P\u00e9ter Szijj\u00e1rt\u00f3 am Mittwoch. Nach Gespr\u00e4chen mit Serbiens EU-Integrationsministerin Jadranka Joksimovic erkl\u00e4rte Szijj\u00e1rt\u00f3, dass jeder Versuch von EU-Institutionen oder Mitgliedstaaten, den Integrationsprozess Serbiens zu [&hellip;]<\/p>\n","protected":false},"author":2,"featured_media":755372,"comment_status":"open","ping_status":"open","sticky":false,"template":"","format":"standard","meta":{"_acf_changed":false,"_display_image":"","footnotes":""},"categories":[1081],"tags":[1470,1082,1445,1484],"class_list":["post-755371","post","type-post","status-publish","format-standard","has-post-thumbnail","hentry","category-politik","tag-ausenministerium-fur-ungarn","tag-europaische-union","tag-migration","tag-serbien"],"blocksy_meta":[],"acf":[],"author_username":"alk","telegram_post":"","public_post_metadata":{"breaking_news":"","important":"","csempe":"","center_tile":"","disable_thumbnail":"","target_lang":"","_featured_image_style":"","telegram_post":"","_xlat_group_id":""},"public_rank_math_data":{"title":"%title% %sep% %sitename%","description":"","focus_keyword":"serbia hungary eu","canonical_url":"","robots":"","primary_category":"1081","breadcrumb_title":"","facebook_title":"","facebook_description":"","facebook_image":"","facebook_image_id":"","twitter_title":"","twitter_description":"","twitter_image":"","twitter_image_id":"","twitter_card_type":"","twitter_use_facebook":"","advanced_robots":"","pillar_content":"","seo_score":"2","contentai_score":"","rich_snippet":""},"_links":{"self":[{"href":"https:\/\/dailynewshungary.com\/de\/wp-json\/wp\/v2\/posts\/755371","targetHints":{"allow":["GET"]}}],"collection":[{"href":"https:\/\/dailynewshungary.com\/de\/wp-json\/wp\/v2\/posts"}],"about":[{"href":"https:\/\/dailynewshungary.com\/de\/wp-json\/wp\/v2\/types\/post"}],"author":[{"embeddable":true,"href":"https:\/\/dailynewshungary.com\/de\/wp-json\/wp\/v2\/users\/2"}],"replies":[{"embeddable":true,"href":"https:\/\/dailynewshungary.com\/de\/wp-json\/wp\/v2\/comments?post=755371"}],"version-history":[{"count":0,"href":"https:\/\/dailynewshungary.com\/de\/wp-json\/wp\/v2\/posts\/755371\/revisions"}],"wp:featuredmedia":[{"embeddable":true,"href":"https:\/\/dailynewshungary.com\/de\/wp-json\/wp\/v2\/media\/755372"}],"wp:attachment":[{"href":"https:\/\/dailynewshungary.com\/de\/wp-json\/wp\/v2\/media?parent=755371"}],"wp:term":[{"taxonomy":"category","embeddable":true,"href":"https:\/\/dailynewshungary.com\/de\/wp-json\/wp\/v2\/categories?post=755371"},{"taxonomy":"post_tag","embeddable":true,"href":"https:\/\/dailynewshungary.com\/de\/wp-json\/wp\/v2\/tags?post=755371"}],"curies":[{"name":"wp","href":"https:\/\/api.w.org\/{rel}","templated":true}]}}