{"id":755393,"date":"2016-08-31T10:15:50","date_gmt":"2016-08-31T08:15:50","guid":{"rendered":"https:\/\/dailynewshungary.com\/de\/ungarische-regierung-migration-und-terrorismus-gehen-hand-in-hand\/"},"modified":"2016-08-31T10:15:50","modified_gmt":"2016-08-31T08:15:50","slug":"ungarische-regierung-migration-und-terrorismus-gehen-hand-in-hand","status":"publish","type":"post","link":"https:\/\/dailynewshungary.com\/de\/ungarische-regierung-migration-und-terrorismus-gehen-hand-in-hand\/","title":{"rendered":"Ungarische Regierung: Migration und Terrorismus gehen Hand in Hand"},"content":{"rendered":"<p><strong>Auf einer Pressekonferenz sagte der Parlamentarische Staatssekret\u00e4r im Innenministerium K\u00e1roly Kontr\u00e1t, dass die Erfahrungen der letzten Monate und Jahre gezeigt h\u00e4tten, dass \u201eMigration und Terrorismus Hand in Hand gehen; seit Beginn dieses Massenmigrationszustroms sind mehr als dreihundert Menschen.\u201cSind bei Terroranschl\u00e4gen in Europa ums Leben gekommen\u201d.<\/strong><\/p>\n<p>Kontr\u00e1t sagte, dass wir klar sagen k\u00f6nnen, dass die gr\u00f6\u00dfte Bedrohung in Europa der Terrorismus sei, und f\u00fcgte hinzu, dass \u201enach bestimmten Sch\u00e4tzungen sogar Tausende von Terroristen mit Hilfe von Migranten nach Europa eingereist sein k\u00f6nnten\u201c; Best\u00e4tigten Daten zufolge wird der Gro\u00dfteil dieser Infiltration vom Islamischen Staat organisiert.<\/p>\n<p>Der Parlamentarische Staatssekret\u00e4r betonte, dass es zur Bek\u00e4mpfung des Terrorismus notwendig sei, dass die Europ\u00e4ische Union ihre gescheiterte Migrationspolitik \u00e4ndere und ihre Au\u00dfengrenzen sch\u00fctze \u201cUngarn steht in dieser Hinsicht an vorderster Front; Ungarn hat der europ\u00e4ischen Praxis voraus gehandelt\u201d, indem es eine dreifache Verteidigungslinie eingef\u00fchrt hat, die aus physischem Schutz, rechtlichen Ma\u00dfnahmen sowie Milit\u00e4r &#8211; und Polizeipersonal besteht.<\/p>\n<p>Kontr\u00e1t betonte, dass eines der wichtigsten Elemente im Anfang Juni verabschiedeten Paket von Anti-Terror-Gesetzen die Einrichtung des Anti-Terror-Informations &#8211; und Kriminalanalysezentrums (TIBEK) seiDer Parlamentarische Ausschuss f\u00fcr nationale Sicherheit hat sich in seiner Dienstagssitzung einstimmig f\u00fcr die Ernennung von Tibor Tak\u00e1cs zum Direktor des TIBEK ausgesprochen, teilte der Staatssekret\u00e4r mit.<\/p>\n<p>Auf der Pressekonferenz stellte Gy\u00f6rgy Bakondi, Chef-Sicherheitsberater des Premierministers, fest, dass die aktuelle Situation der illegalen Massenmigration auf dem Treffen skizziert wurde; \u201cwir k\u00f6nnen nur sagen, dass die ungarische Grenze unter st\u00e4ndigem Druck gehalten wird\u201d \u2013 haupts\u00e4chlich aus Richtung Serbien.<\/p>\n<p>Bakondi sagte, dass in diesem Jahr bisher 17.766 Menschen an den Schengen-Au\u00dfengrenzen Ungarns festgenommen wurden, 17.533 davon an der serbischen Grenze Seit dem 5. Juli haben 8.276 Migranten versucht, die Grenze illegal zu \u00fcberqueren: 4.882 davon wurden an der Grenze angehalten, und 3.394 Menschen wurden zur\u00fcck auf die serbische Seite der Grenze eskortiert Im August haben durchschnittlich 133 Menschen versucht, die Grenzen zu \u00fcberschreiten \u201cDas bedeutet in gewissem Ma\u00dfe eine Stagnation des Trends\u201d, aber es geht einher mit st\u00e4ndigem Druck, erkl\u00e4rte Bakondi.<\/p>\n<p>Der Chefsicherheitsberater sagte auch, dass in solchen F\u00e4llen 5.275 Strafverfahren eingeleitet wurden, und 207 Menschenschmuggler vor Gericht gestellt wurden, bisher wurden in diesem Jahr 25.693 Asylantr\u00e4ge in Ungarn gestellt, wobei 336 Antragstellern ein gewisses Ma\u00df an Schutz gew\u00e4hrt wurde: 118 als Fl\u00fcchtlinge, 212 als gesch\u00fctzte Personen und 6 als aufgenommene Personen In den Transitzonen haben 1.668 Personen Asyl beantragt.<\/p>\n<p>Bakondi wies darauf hin, dass die gr\u00f6\u00dfte Gruppe der Asylsuchenden afghanische Staatsb\u00fcrger seien, gefolgt von syrischen, pakistanischen, irakischen, iranischen, marokkanischen und algerischen Staatsb\u00fcrgern Seit der \u00c4nderung der Vorschriften sei die Auslastung von Fl\u00fcchtlingsunterk\u00fcnften deutlich zur\u00fcckgegangen, f\u00fcgte er hinzu.<\/p>\n<p>Der Chefsicherheitsberater stellte au\u00dferdem fest, dass die Regierung die Verl\u00e4ngerung des aufgrund der Migration eingef\u00fchrten Ausnahmezustands eingeleitet habe, da mit einer anhaltenden Migrationskrise zu rechnen sei. \u201e\u00dcberdies bereitet das Innenministerium auch einen Vorschlag zur Verst\u00e4rkung der Grenzbarriere in den kommenden Monaten vor.\u201c\u201d.<\/p>\n<p>Bakondi sagte, die Regierung m\u00fcsse \u201eauf eine Situation vorbereitet sein, in der nicht Hunderte oder Tausende Menschen an unserer Grenze erscheinen, sondern Zehntausende oder Hunderttausende; Deshalb muss ein Grenzschutzsystem eingerichtet werden, das gr\u00f6\u00dfere Menschenmassen aufhalten kann.\u201cals der jetzige kann\u201d.<\/p>\n<p><em>Foto: Bal\u00e1zs B\u00e9li<\/em><\/p>\n","protected":false},"excerpt":{"rendered":"<p>Auf einer Pressekonferenz sagte der Parlamentarische Staatssekret\u00e4r im Innenministerium K\u00e1roly Kontr\u00e1t, dass die Erfahrungen der letzten Monate und Jahre gezeigt h\u00e4tten, dass \u201eMigration und Terrorismus Hand in Hand gehen; seit Beginn dieses Massenmigrationszustroms sind mehr als dreihundert Menschen.\u201cSind bei Terroranschl\u00e4gen in Europa ums Leben gekommen\u201d. Kontr\u00e1t sagte, dass wir klar sagen k\u00f6nnen, dass die gr\u00f6\u00dfte [&hellip;]<\/p>\n","protected":false},"author":2,"featured_media":755394,"comment_status":"open","ping_status":"open","sticky":false,"template":"","format":"standard","meta":{"_acf_changed":false,"_display_image":"","footnotes":""},"categories":[1081],"tags":[1082,1445,1236,1299,1543],"class_list":["post-755393","post","type-post","status-publish","format-standard","has-post-thumbnail","hentry","category-politik","tag-europaische-union","tag-migration","tag-polizei","tag-schengen","tag-terrorismus"],"blocksy_meta":[],"acf":[],"author_username":"alk","telegram_post":"","public_post_metadata":{"breaking_news":"","important":"","csempe":"","center_tile":"","disable_thumbnail":"","target_lang":"","_featured_image_style":"","telegram_post":"","_xlat_group_id":""},"public_rank_math_data":{"title":"%title% %sep% %sitename%","description":"","focus_keyword":"","canonical_url":"","robots":"","primary_category":"1081","breadcrumb_title":"","facebook_title":"","facebook_description":"","facebook_image":"","facebook_image_id":"","twitter_title":"","twitter_description":"","twitter_image":"","twitter_image_id":"","twitter_card_type":"","twitter_use_facebook":"","advanced_robots":"","pillar_content":"","seo_score":"","contentai_score":"","rich_snippet":""},"_links":{"self":[{"href":"https:\/\/dailynewshungary.com\/de\/wp-json\/wp\/v2\/posts\/755393","targetHints":{"allow":["GET"]}}],"collection":[{"href":"https:\/\/dailynewshungary.com\/de\/wp-json\/wp\/v2\/posts"}],"about":[{"href":"https:\/\/dailynewshungary.com\/de\/wp-json\/wp\/v2\/types\/post"}],"author":[{"embeddable":true,"href":"https:\/\/dailynewshungary.com\/de\/wp-json\/wp\/v2\/users\/2"}],"replies":[{"embeddable":true,"href":"https:\/\/dailynewshungary.com\/de\/wp-json\/wp\/v2\/comments?post=755393"}],"version-history":[{"count":0,"href":"https:\/\/dailynewshungary.com\/de\/wp-json\/wp\/v2\/posts\/755393\/revisions"}],"wp:featuredmedia":[{"embeddable":true,"href":"https:\/\/dailynewshungary.com\/de\/wp-json\/wp\/v2\/media\/755394"}],"wp:attachment":[{"href":"https:\/\/dailynewshungary.com\/de\/wp-json\/wp\/v2\/media?parent=755393"}],"wp:term":[{"taxonomy":"category","embeddable":true,"href":"https:\/\/dailynewshungary.com\/de\/wp-json\/wp\/v2\/categories?post=755393"},{"taxonomy":"post_tag","embeddable":true,"href":"https:\/\/dailynewshungary.com\/de\/wp-json\/wp\/v2\/tags?post=755393"}],"curies":[{"name":"wp","href":"https:\/\/api.w.org\/{rel}","templated":true}]}}