{"id":755397,"date":"2016-08-31T08:00:21","date_gmt":"2016-08-31T06:00:21","guid":{"rendered":"https:\/\/dailynewshungary.com\/de\/merkels-wir-schaffen-das-slogan-leerphrase-sagt-analyst\/"},"modified":"2016-08-31T08:00:21","modified_gmt":"2016-08-31T06:00:21","slug":"merkels-wir-schaffen-das-slogan-leerphrase-sagt-analyst","status":"publish","type":"post","link":"https:\/\/dailynewshungary.com\/de\/merkels-wir-schaffen-das-slogan-leerphrase-sagt-analyst\/","title":{"rendered":"Merkels \u2018Wir schaffen das\u2019 Slogan-Leerphrase, sagt Analyst"},"content":{"rendered":"<p><strong>Budapest, 30. August (MTI) \u201eDas ber\u00fchmte Schlagwort\u201cder deutschen Bundeskanzlerin Angela Merkel \u201eWir schaffen das\u201d (\u201c), das letzten Sommer auf dem H\u00f6hepunkt der europ\u00e4ischen Fl\u00fcchtlingskrise gepr\u00e4gt wurde, als Deutschland sich darauf vorbereitete, seine Grenzen f\u00fcr Asylbewerber zu \u00f6ffnen, hat sich laut dem in Ungarn geborenen deutschen Politikanalysten und Journalisten Georg Paul Hefty als leere Phrase erwiesen.<\/strong><\/p>\n<p>\u201cWir schaffen das\u201d sei nur eine Worth\u00fclse, weil man nicht feststellen k\u00f6nne, was die deutsche Regierung erreichen wolle, sagte Hefty in einem Interview anl\u00e4sslich eines Jahres, seit Deutschland seine Politik der offenen T\u00fcr f\u00fcr syrische Migranten eingef\u00fchrt habe, gegen\u00fcber MTIWie gut h\u00e4tte Merkel sagen k\u00f6nnen \u201cwir schaffen das auch\u201d, da das eine glaubw\u00fcrdigere Aussage gewesen w\u00e4re, sagte Hefty.<\/p>\n<p>Hefty sagte, dass fr\u00fchestens in zwei Jahrzehnten jemand beurteilen k\u00f6nne, ob Merkel bei der Integration von Fl\u00fcchtlingen in die deutsche Gesellschaft erfolgreich gewesen sei \u201cAber selbst dann werden wir nicht wissen, wie es am Ende des dritten Jahrzehnts stehen wird\u201d, sagte er \u201cZwei Drittel der Neuank\u00f6mmlinge werden sich integrieren k\u00f6nnen, aber die sp\u00e4te Integration des verbleibenden Drittels kann viele Probleme verursachen\u201d, f\u00fcgte Hefty hinzu.<\/p>\n<p>Auf die Frage, ob es eine alternative Migrantenpolitik g\u00e4be, die Deutschland verfolgen k\u00f6nnte, wenn der Migrationspakt zwischen der EU und der T\u00fcrkei scheitert, sagte Hefty, politische Kommentatoren h\u00e4tten lange vor der Migrantenkrise einen Mangel an Alternativen zu Merkels Politik kritisiert. Das bedeutet, dass es auch keine Alternative zum Pakt Deutschland-EU-T\u00fcrkei gibt, sagte er.<\/p>\n<p>Er sagte, er erwarte, dass Deutschland Griechenland und Bulgarien bei Bedarf in gro\u00dfem Umfang finanzielle Hilfe leisten werde, nicht zuletzt, weil es nicht wolle, dass die Migrationspolitik Ungarns best\u00e4tigt werde. Er sagte, es w\u00e4re ein Erfolg f\u00fcr Merkel, wenn Ungarns Grenzzaun gegenstandslos w\u00fcrde.<\/p>\n<p>Hefty \u00e4u\u00dferte sich auch zu einem Artikel, der am vergangenen Wochenende in der konservativen deutschen Tageszeitung Frankfurter Allgemeine Zeitung ver\u00f6ffentlicht wurde und in dem es hie\u00df, Deutschland habe in den Augen der osteurop\u00e4ischen L\u00e4nder aufgrund der Merkelschen Migrationspolitik sein Prestige verlorenEr sagte, die im Artikel aufgef\u00fchrten Bedenken entspr\u00e4chen genau denen der rechten deutschen W\u00e4hler, n\u00e4mlich dass Polen und Ungarn Recht haben k\u00f6nnten, wenn sie sich der Migration widersetzen.<\/p>\n","protected":false},"excerpt":{"rendered":"<p>Budapest, 30. August (MTI) \u201eDas ber\u00fchmte Schlagwort\u201cder deutschen Bundeskanzlerin Angela Merkel \u201eWir schaffen das\u201d (\u201c), das letzten Sommer auf dem H\u00f6hepunkt der europ\u00e4ischen Fl\u00fcchtlingskrise gepr\u00e4gt wurde, als Deutschland sich darauf vorbereitete, seine Grenzen f\u00fcr Asylbewerber zu \u00f6ffnen, hat sich laut dem in Ungarn geborenen deutschen Politikanalysten und Journalisten Georg Paul Hefty als leere Phrase erwiesen. [&hellip;]<\/p>\n","protected":false},"author":2,"featured_media":755398,"comment_status":"open","ping_status":"open","sticky":false,"template":"","format":"standard","meta":{"_acf_changed":false,"_display_image":"","footnotes":""},"categories":[1081],"tags":[1177,1082,1445,1299],"class_list":["post-755397","post","type-post","status-publish","format-standard","has-post-thumbnail","hentry","category-politik","tag-deutschland","tag-europaische-union","tag-migration","tag-schengen"],"blocksy_meta":[],"acf":[],"author_username":"alk","telegram_post":"","public_post_metadata":{"breaking_news":"","important":"","csempe":"","center_tile":"","disable_thumbnail":"","target_lang":"","_featured_image_style":"","telegram_post":"","_xlat_group_id":""},"public_rank_math_data":{"title":"%title% %sep% %sitename%","description":"","focus_keyword":"","canonical_url":"","robots":"","primary_category":"1081","breadcrumb_title":"","facebook_title":"","facebook_description":"","facebook_image":"","facebook_image_id":"","twitter_title":"","twitter_description":"","twitter_image":"","twitter_image_id":"","twitter_card_type":"","twitter_use_facebook":"","advanced_robots":"","pillar_content":"","seo_score":"","contentai_score":"","rich_snippet":""},"_links":{"self":[{"href":"https:\/\/dailynewshungary.com\/de\/wp-json\/wp\/v2\/posts\/755397","targetHints":{"allow":["GET"]}}],"collection":[{"href":"https:\/\/dailynewshungary.com\/de\/wp-json\/wp\/v2\/posts"}],"about":[{"href":"https:\/\/dailynewshungary.com\/de\/wp-json\/wp\/v2\/types\/post"}],"author":[{"embeddable":true,"href":"https:\/\/dailynewshungary.com\/de\/wp-json\/wp\/v2\/users\/2"}],"replies":[{"embeddable":true,"href":"https:\/\/dailynewshungary.com\/de\/wp-json\/wp\/v2\/comments?post=755397"}],"version-history":[{"count":0,"href":"https:\/\/dailynewshungary.com\/de\/wp-json\/wp\/v2\/posts\/755397\/revisions"}],"wp:featuredmedia":[{"embeddable":true,"href":"https:\/\/dailynewshungary.com\/de\/wp-json\/wp\/v2\/media\/755398"}],"wp:attachment":[{"href":"https:\/\/dailynewshungary.com\/de\/wp-json\/wp\/v2\/media?parent=755397"}],"wp:term":[{"taxonomy":"category","embeddable":true,"href":"https:\/\/dailynewshungary.com\/de\/wp-json\/wp\/v2\/categories?post=755397"},{"taxonomy":"post_tag","embeddable":true,"href":"https:\/\/dailynewshungary.com\/de\/wp-json\/wp\/v2\/tags?post=755397"}],"curies":[{"name":"wp","href":"https:\/\/api.w.org\/{rel}","templated":true}]}}