{"id":755399,"date":"2016-08-31T06:15:10","date_gmt":"2016-08-31T04:15:10","guid":{"rendered":"https:\/\/dailynewshungary.com\/de\/nationales-sicherheitskomitee-die-situation-in-der-turkei-konnte-die-fluchtlingskrise-verschlimmern\/"},"modified":"2016-08-31T06:15:10","modified_gmt":"2016-08-31T04:15:10","slug":"nationales-sicherheitskomitee-die-situation-in-der-turkei-konnte-die-fluchtlingskrise-verschlimmern","status":"publish","type":"post","link":"https:\/\/dailynewshungary.com\/de\/nationales-sicherheitskomitee-die-situation-in-der-turkei-konnte-die-fluchtlingskrise-verschlimmern\/","title":{"rendered":"Nationales Sicherheitskomitee: Die Situation in der T\u00fcrkei k\u00f6nnte die Fl\u00fcchtlingskrise verschlimmern"},"content":{"rendered":"<p><strong>Budapest, 30. August (MTI) \u2013 Die aktuelle Lage in der T\u00fcrkei k\u00f6nnte die Migrationskrise Europas versch\u00e4rfen, sagte der Chef und stellvertretende Leiter des nationalen Sicherheitsausschusses des Parlaments nach einer Ausschusssitzung am Dienstag.<\/strong><\/p>\n<p>Der Zustand der Innenpolitik in der T\u00fcrkei habe sich ge\u00e4ndert, und es bestehe die ernsthafte Gefahr, dass sie eine Migrationswelle durch die Balkanroute \u00e4hnlich der Welle im letzten Jahr entfachen k\u00f6nnte, sagte Zsolt Moln\u00e1r, der Leiter des AusschussesDiese Migrationswelle k\u00f6nnte auch Ungarn betreffen, sagte er und f\u00fcgte hinzu, dass Fl\u00fcchtlingsverfahren effektiv und human und nicht schnell verfolgt sein sollten.<\/p>\n<p>Moln\u00e1r begr\u00fc\u00dfte die Entscheidung der Regierung, innerhalb der Polizei eine spezielle Grenzschutzeinheit einzurichten.<\/p>\n<p>Er sagte, es sei deutlich geworden, dass die Au\u00dfengrenze des Schengen-Raums nur durch gemeinsame europ\u00e4ische Anstrengungen gesch\u00fctzt werden k\u00f6nne, und f\u00fcgte gleichzeitig hinzu, dass die EU reformbed\u00fcrftig seiEine starke, reformierte EU k\u00f6nne die Schengen-Grenzen sichern, beharrte er.<\/p>\n<p>Zum Thema Residenzanleihen erkl\u00e4rte der oppositionelle sozialistische Leiter des Ausschusses, die Sicherheitskontrollen in Bezug auf ihre Emission seien nicht gr\u00fcndlich genugMoln\u00e1r schlug vor, die Regeln in Bezug auf die Ausgabe von Residenzanleihen zu \u00e4ndern, da es m\u00f6glich sei, dass sie auf der Grundlage von Dokumenten ausgestellt werden k\u00f6nnen, deren G\u00fcltigkeit fraglich sein kann.<\/p>\n<p>Szil\u00e1rd N\u00e9meth, der stellvertretende Fidesz-Chef des Ausschusses, sagte, die Situation der T\u00fcrkei k\u00f6nne sich negativ auf die Zukunft der Europ\u00e4ischen Union auswirken. Er verwies auf Ankaras Wunsch nach einem visumfreien Status bei der EU und sagte, die T\u00fcrkei k\u00f6nne m\u00f6glicherweise Tausende von Migranten nach Europa schicken Die unsichere Lage des Landes k\u00f6nne auch dazu f\u00fchren, dass T\u00fcrken nach Europa aufbrechen, sagte er.<\/p>\n<p>Er sagte, die V4-Gruppierung von Ungarn, der Slowakei, Polen und der Tschechischen Republik und den meisten anderen europ\u00e4ischen L\u00e4ndern sei der Meinung, dass Europa der T\u00fcrkei vorerst keinen visumfreien Status gew\u00e4hren sollte, weil dies ernsthafte Risiken mit sich bringen w\u00fcrde, N\u00e9meth sagte, der Schwerpunkt sollte nun auf der Beobachtung des Migrationsabkommens zwischen der EU und der T\u00fcrkei liegen.<\/p>\n<p>Eines der Risiken, dem Land eine Befreiung von der Visumpflicht zu gew\u00e4hren, k\u00f6nnte ein Anstieg des Migrantenzustroms sein, sagte er Er stellte au\u00dferdem fest, dass es in der T\u00fcrkei 120.000-130.000, haupts\u00e4chlich nicht registrierte Migranten gibt. Er sagte, dass italienische K\u00fcstenwachen \u201ejeden Tag 1.000-2.000 Migranten aus dem Meer retten\u201cund stellte fest, dass auch in Serbien etwa 4.000 Migranten gestrandet sind.<\/p>\n<p>Ein weiterer Risikofaktor sei, sagte er, dass sich Militante des Islamischen Staates nach Europa schleichen k\u00f6nnten, indem sie sich unter Migrantengruppen verstecken, und sp\u00e4ter Terroranschl\u00e4ge auf dem Kontinent ver\u00fcben k\u00f6nnten.<\/p>\n<p>Unter Berufung auf die neuesten Geheimdienstberichte des Anti-Terror-Zentrums TEK sagte Nemeth, Ungarn sei keiner direkten terroristischen Bedrohung ausgesetzt, TEK sammle und analysiere jedoch st\u00e4ndig Daten.<\/p>\n<p>Zum Thema Residenzanleihen sagte Nemeth, dass ihre Emission im Einklang mit internationalen Standards stehe, und f\u00fcgte hinzu, dass die 6.000 bisher verkauften Residenzanleihen rund 290 Milliarden Forint (935,6 Mio. EUR) an Einnahmen angeh\u00e4uft h\u00e4ttenDie Sicherheitskontrollen bei den Anleiheantragstellern seien so gr\u00fcndlich, wie sie sein k\u00f6nnten, betonte er.<\/p>\n<p>\u00c1d\u00e1m Mirk\u00f3czki von der oppositionellen Jobbik-Partei sagte, Geheimdienstberichte deuten darauf hin, dass die Fl\u00fcchtlingskrise immer noch \u201ckritisch\u201d werden k\u00f6nnte, was eine St\u00e4rkung des ungarischen Grenzzauns erforderlich machen w\u00fcrde.<\/p>\n<p>Ministerpr\u00e4sident Viktor Orb\u00e1n k\u00fcndigte am Freitag an, dass der Zaun an der ungarischen S\u00fcdgrenze durch die Errichtung einer zweiten Barriere verst\u00e4rkt werde.<\/p>\n<p>Bernadett Sz\u00e9l von LMP sagte, eine spezielle Grenzschutzeinheit h\u00e4tte schon l\u00e4ngst eingerichtet werden m\u00fcssen. Sie sagte, die Notwendigkeit, den Grenzzaun zu st\u00e4rken, deutete darauf hin, dass \u201eder Zaun allein nicht ausreicht\u201cum die Grenze zu sch\u00fctzen. Sz\u00e9l forderte Grenzschutzma\u00dfnahmen, die die Sicherheit des gesamten Kontinents gew\u00e4hrleisten k\u00f6nnten, und f\u00fcgte hinzu, dass die Fl\u00fcchtlingskrise in den Herkunftsl\u00e4ndern der Migranten angegangen werden sollte.<\/p>\n","protected":false},"excerpt":{"rendered":"<p>Budapest, 30. August (MTI) \u2013 Die aktuelle Lage in der T\u00fcrkei k\u00f6nnte die Migrationskrise Europas versch\u00e4rfen, sagte der Chef und stellvertretende Leiter des nationalen Sicherheitsausschusses des Parlaments nach einer Ausschusssitzung am Dienstag. Der Zustand der Innenpolitik in der T\u00fcrkei habe sich ge\u00e4ndert, und es bestehe die ernsthafte Gefahr, dass sie eine Migrationswelle durch die Balkanroute [&hellip;]<\/p>\n","protected":false},"author":2,"featured_media":755400,"comment_status":"open","ping_status":"open","sticky":false,"template":"","format":"standard","meta":{"_acf_changed":false,"_display_image":"","footnotes":""},"categories":[1081],"tags":[1082,1091,1632,1873,1445,1299,1695,1200],"class_list":["post-755399","post","type-post","status-publish","format-standard","has-post-thumbnail","hentry","category-politik","tag-europaische-union","tag-fidesz","tag-jobbik","tag-lmp","tag-migration","tag-schengen","tag-sozialisten","tag-turkei"],"blocksy_meta":[],"acf":[],"author_username":"alk","telegram_post":"","public_post_metadata":{"breaking_news":"","important":"","csempe":"","center_tile":"","disable_thumbnail":"","target_lang":"","_featured_image_style":"","telegram_post":"","_xlat_group_id":""},"public_rank_math_data":{"title":"%title% %sep% %sitename%","description":"","focus_keyword":"Truthahnwanderung","canonical_url":"","robots":"","primary_category":"1081","breadcrumb_title":"","facebook_title":"","facebook_description":"","facebook_image":"","facebook_image_id":"","twitter_title":"","twitter_description":"","twitter_image":"","twitter_image_id":"","twitter_card_type":"","twitter_use_facebook":"","advanced_robots":"","pillar_content":"","seo_score":"10","contentai_score":"","rich_snippet":""},"_links":{"self":[{"href":"https:\/\/dailynewshungary.com\/de\/wp-json\/wp\/v2\/posts\/755399","targetHints":{"allow":["GET"]}}],"collection":[{"href":"https:\/\/dailynewshungary.com\/de\/wp-json\/wp\/v2\/posts"}],"about":[{"href":"https:\/\/dailynewshungary.com\/de\/wp-json\/wp\/v2\/types\/post"}],"author":[{"embeddable":true,"href":"https:\/\/dailynewshungary.com\/de\/wp-json\/wp\/v2\/users\/2"}],"replies":[{"embeddable":true,"href":"https:\/\/dailynewshungary.com\/de\/wp-json\/wp\/v2\/comments?post=755399"}],"version-history":[{"count":0,"href":"https:\/\/dailynewshungary.com\/de\/wp-json\/wp\/v2\/posts\/755399\/revisions"}],"wp:featuredmedia":[{"embeddable":true,"href":"https:\/\/dailynewshungary.com\/de\/wp-json\/wp\/v2\/media\/755400"}],"wp:attachment":[{"href":"https:\/\/dailynewshungary.com\/de\/wp-json\/wp\/v2\/media?parent=755399"}],"wp:term":[{"taxonomy":"category","embeddable":true,"href":"https:\/\/dailynewshungary.com\/de\/wp-json\/wp\/v2\/categories?post=755399"},{"taxonomy":"post_tag","embeddable":true,"href":"https:\/\/dailynewshungary.com\/de\/wp-json\/wp\/v2\/tags?post=755399"}],"curies":[{"name":"wp","href":"https:\/\/api.w.org\/{rel}","templated":true}]}}