{"id":755450,"date":"2016-08-29T11:10:45","date_gmt":"2016-08-29T09:10:45","guid":{"rendered":"https:\/\/dailynewshungary.com\/de\/szijjarto-v4-ausenminister-zur-diskussion-uber-migration\/"},"modified":"2016-08-29T11:10:45","modified_gmt":"2016-08-29T09:10:45","slug":"szijjarto-v4-ausenminister-zur-diskussion-uber-migration","status":"publish","type":"post","link":"https:\/\/dailynewshungary.com\/de\/szijjarto-v4-ausenminister-zur-diskussion-uber-migration\/","title":{"rendered":"Szijj\u00e1rt\u00f3: V4-Au\u00dfenminister zur Diskussion \u00fcber Migration"},"content":{"rendered":"<p><strong>Budapest, 29. August (MTI) \u2013 ab <a href=\"https:\/\/dailynewshungary.com\/de\/der-grose-britische-zuguberfall-wie-eine-15-kopfige-bande-1963-26-millionen-pfund-stahl\/\" target=\"_blank\">Visegrad-Gruppe (V4)<\/a> Au\u00dfenminister werden heute \u00fcber die m\u00f6glichen Auswirkungen der t\u00fcrkischen Politik und der Entwicklungen in S\u00fcdosteuropa auf den Migrationsdruck diskutieren, sagte der Au\u00dfenminister am Montag.<\/strong><\/p>\n<p>Au\u00dferdem werden die V4-Au\u00dfenminister im Vorfeld der bevorstehenden Sitzung der UN-Generalversammlung \u00fcber Themen und Herausforderungen diskutieren, mit denen die Vereinten Nationen konfrontiert sind, sagte P\u00e9ter Szijj\u00e1rt\u00f3 gegen\u00fcber dem \u00f6ffentlichen Nachrichtensender M1.<\/p>\n<p>Die Au\u00dfenminister der Tschechischen Republik, Ungarns, Polens und der Slowakei werden am Nachmittag auch beim Treffen der ungarischen Botschafter Reden halten, sagte Szijj\u00e1rt\u00f3 und wies darauf hin, dass es das erste Mal sei, dass an dem Treffen die vier Au\u00dfenminister teilnehmen w\u00fcrden.<\/p>\n<p style=\"text-align: center;\">[button link=\u201dhttps:\/\/dailynewshungary.com\/tag\/immigration\/\u201d type=\u201dbig\u201d color=\u201dred\u201d newwindow=\u201dyes\u201d] Lesen Sie mehr News about <strong>EINWANDERUNG<\/strong>[\/knopf]<\/p>\n<p>In einem separaten Interview mit dem \u00f6ffentlich-rechtlichen Radio sagte Szijj\u00e1rt\u00f3, dass die EU-Institutionen der T\u00fcrkei \u201cden falschen Eindruck\u201d vermittelt h\u00e4tten, dass das Land eine Befreiung von der Visumpflicht erhalten k\u00f6nne, indem es \u201cdie Migration unter Kontrolle h\u00e4lt\u201d, selbst wenn das Land die entsprechenden Anforderungen nicht erf\u00fcllt.<\/p>\n<blockquote>\n<p>\u201cDiese falsche Vorstellung der T\u00fcrkei zu vermitteln, war ein gro\u00dfer Fehler, und jetzt herrscht offensichtlich Entt\u00e4uschung im Land\u201d, sagte Szijj\u00e1rt\u00f3.<\/p>\n<\/blockquote>\n<p><em>Foto: orientpress.hu<\/em><\/p>\n","protected":false},"excerpt":{"rendered":"<p>Budapest, 29. August (MTI) \u2013 ab Visegrad-Gruppe (V4) Au\u00dfenminister werden heute \u00fcber die m\u00f6glichen Auswirkungen der t\u00fcrkischen Politik und der Entwicklungen in S\u00fcdosteuropa auf den Migrationsdruck diskutieren, sagte der Au\u00dfenminister am Montag. Au\u00dferdem werden die V4-Au\u00dfenminister im Vorfeld der bevorstehenden Sitzung der UN-Generalversammlung \u00fcber Themen und Herausforderungen diskutieren, mit denen die Vereinten Nationen konfrontiert sind, [&hellip;]<\/p>\n","protected":false},"author":2,"featured_media":755451,"comment_status":"open","ping_status":"open","sticky":false,"template":"","format":"standard","meta":{"_acf_changed":false,"_display_image":"","footnotes":""},"categories":[1081],"tags":[1169,1082,1445,1923],"class_list":["post-755450","post","type-post","status-publish","format-standard","has-post-thumbnail","hentry","category-politik","tag-aussenministerium-von-ungarn","tag-europaische-union","tag-migration","tag-visegrad-vier"],"blocksy_meta":[],"acf":[],"author_username":"alk","telegram_post":"","public_post_metadata":{"breaking_news":"","important":"","csempe":"","center_tile":"","disable_thumbnail":"","target_lang":"","_featured_image_style":"","telegram_post":"","_xlat_group_id":""},"public_rank_math_data":{"title":"%title% %sep% %sitename%","description":"","focus_keyword":"v4","canonical_url":"","robots":"","primary_category":"1081","breadcrumb_title":"","facebook_title":"","facebook_description":"","facebook_image":"","facebook_image_id":"","twitter_title":"","twitter_description":"","twitter_image":"","twitter_image_id":"","twitter_card_type":"","twitter_use_facebook":"","advanced_robots":"","pillar_content":"","seo_score":"67","contentai_score":"","rich_snippet":""},"_links":{"self":[{"href":"https:\/\/dailynewshungary.com\/de\/wp-json\/wp\/v2\/posts\/755450","targetHints":{"allow":["GET"]}}],"collection":[{"href":"https:\/\/dailynewshungary.com\/de\/wp-json\/wp\/v2\/posts"}],"about":[{"href":"https:\/\/dailynewshungary.com\/de\/wp-json\/wp\/v2\/types\/post"}],"author":[{"embeddable":true,"href":"https:\/\/dailynewshungary.com\/de\/wp-json\/wp\/v2\/users\/2"}],"replies":[{"embeddable":true,"href":"https:\/\/dailynewshungary.com\/de\/wp-json\/wp\/v2\/comments?post=755450"}],"version-history":[{"count":0,"href":"https:\/\/dailynewshungary.com\/de\/wp-json\/wp\/v2\/posts\/755450\/revisions"}],"wp:featuredmedia":[{"embeddable":true,"href":"https:\/\/dailynewshungary.com\/de\/wp-json\/wp\/v2\/media\/755451"}],"wp:attachment":[{"href":"https:\/\/dailynewshungary.com\/de\/wp-json\/wp\/v2\/media?parent=755450"}],"wp:term":[{"taxonomy":"category","embeddable":true,"href":"https:\/\/dailynewshungary.com\/de\/wp-json\/wp\/v2\/categories?post=755450"},{"taxonomy":"post_tag","embeddable":true,"href":"https:\/\/dailynewshungary.com\/de\/wp-json\/wp\/v2\/tags?post=755450"}],"curies":[{"name":"wp","href":"https:\/\/api.w.org\/{rel}","templated":true}]}}