{"id":755495,"date":"2016-08-27T12:30:12","date_gmt":"2016-08-27T10:30:12","guid":{"rendered":"https:\/\/dailynewshungary.com\/de\/der-nationale-ausschuss-fur-busbeschaffung-halt-die-eroffnungssitzung-ab\/"},"modified":"2016-08-27T12:30:12","modified_gmt":"2016-08-27T10:30:12","slug":"der-nationale-ausschuss-fur-busbeschaffung-halt-die-eroffnungssitzung-ab","status":"publish","type":"post","link":"https:\/\/dailynewshungary.com\/de\/der-nationale-ausschuss-fur-busbeschaffung-halt-die-eroffnungssitzung-ab\/","title":{"rendered":"Der Nationale Ausschuss f\u00fcr Busbeschaffung h\u00e4lt die Er\u00f6ffnungssitzung ab"},"content":{"rendered":"<p>&nbsp;<\/p>\n<p><strong>Budapest, 26. August (MTI) 26. \u2013 Ungarns Nationaler Busbeschaffungsausschuss, ein Gremium, das zur Koordinierung von K\u00e4ufen durch \u00f6ffentliche Verkehrsunternehmen mit dem Ziel der Unterst\u00fctzung der lokalen Industrie eingerichtet wurde, hat seine erste Sitzung abgehalten, teilte das Wirtschaftsministerium am Freitag mit.<\/strong><\/p>\n<p>Die Regierung strebe an, die alternden Flotten der \u00f6ffentlichen Verkehrsunternehmen mit Bussen aus ungarischer Produktion zu erneuern, sagte Wirtschaftsminister Mih\u00e1ly Varga, der als Vorsitzender des Ausschusses fungiert, bei der SitzungDas Ziel sei, das Durchschnittsalter der Busse in diesen Flotten bis 2020 von 14 Jahren auf zehn Jahre zu senken, sagte erDie inl\u00e4ndische Produktion von Bussen trage zum Wirtschaftswachstum des Landes bei und schaffe neue Arbeitspl\u00e4tze, f\u00fcgte der Minister hinzu.<\/p>\n<p>Bei dem Treffen wurde auch die M\u00f6glichkeit er\u00f6rtert, in Ungarn hergestellte Busse f\u00fcr den Ersatzverkehr der Budapester U-Bahn-Linie 3 zu beschaffen, w\u00e4hrend diese renoviert wird.<\/p>\n","protected":false},"excerpt":{"rendered":"<p>&nbsp; Budapest, 26. August (MTI) 26. \u2013 Ungarns Nationaler Busbeschaffungsausschuss, ein Gremium, das zur Koordinierung von K\u00e4ufen durch \u00f6ffentliche Verkehrsunternehmen mit dem Ziel der Unterst\u00fctzung der lokalen Industrie eingerichtet wurde, hat seine erste Sitzung abgehalten, teilte das Wirtschaftsministerium am Freitag mit. Die Regierung strebe an, die alternden Flotten der \u00f6ffentlichen Verkehrsunternehmen mit Bussen aus ungarischer [&hellip;]<\/p>\n","protected":false},"author":2,"featured_media":755496,"comment_status":"open","ping_status":"open","sticky":false,"template":"","format":"standard","meta":{"_acf_changed":false,"_display_image":"","footnotes":""},"categories":[1281],"tags":[1297],"class_list":["post-755495","post","type-post","status-publish","format-standard","has-post-thumbnail","hentry","category-geschaft","tag-transport"],"blocksy_meta":[],"acf":[],"author_username":"alk","telegram_post":"","public_post_metadata":{"breaking_news":"","important":"","csempe":"","center_tile":"","disable_thumbnail":"","target_lang":"","_featured_image_style":"","telegram_post":"","_xlat_group_id":""},"public_rank_math_data":{"title":"%title% %sep% %sitename%","description":"","focus_keyword":"Ungarischer Bus","canonical_url":"","robots":"","primary_category":"1281","breadcrumb_title":"","facebook_title":"","facebook_description":"","facebook_image":"","facebook_image_id":"","twitter_title":"","twitter_description":"","twitter_image":"","twitter_image_id":"","twitter_card_type":"","twitter_use_facebook":"","advanced_robots":"","pillar_content":"","seo_score":"1","contentai_score":"","rich_snippet":""},"_links":{"self":[{"href":"https:\/\/dailynewshungary.com\/de\/wp-json\/wp\/v2\/posts\/755495","targetHints":{"allow":["GET"]}}],"collection":[{"href":"https:\/\/dailynewshungary.com\/de\/wp-json\/wp\/v2\/posts"}],"about":[{"href":"https:\/\/dailynewshungary.com\/de\/wp-json\/wp\/v2\/types\/post"}],"author":[{"embeddable":true,"href":"https:\/\/dailynewshungary.com\/de\/wp-json\/wp\/v2\/users\/2"}],"replies":[{"embeddable":true,"href":"https:\/\/dailynewshungary.com\/de\/wp-json\/wp\/v2\/comments?post=755495"}],"version-history":[{"count":0,"href":"https:\/\/dailynewshungary.com\/de\/wp-json\/wp\/v2\/posts\/755495\/revisions"}],"wp:featuredmedia":[{"embeddable":true,"href":"https:\/\/dailynewshungary.com\/de\/wp-json\/wp\/v2\/media\/755496"}],"wp:attachment":[{"href":"https:\/\/dailynewshungary.com\/de\/wp-json\/wp\/v2\/media?parent=755495"}],"wp:term":[{"taxonomy":"category","embeddable":true,"href":"https:\/\/dailynewshungary.com\/de\/wp-json\/wp\/v2\/categories?post=755495"},{"taxonomy":"post_tag","embeddable":true,"href":"https:\/\/dailynewshungary.com\/de\/wp-json\/wp\/v2\/tags?post=755495"}],"curies":[{"name":"wp","href":"https:\/\/api.w.org\/{rel}","templated":true}]}}