{"id":755505,"date":"2016-08-26T21:00:55","date_gmt":"2016-08-26T19:00:55","guid":{"rendered":"https:\/\/dailynewshungary.com\/de\/die-eu-stehe-vor-beispiellosen-herausforderungen-sagt-szijjarto-dem-dubrovnik-forum\/"},"modified":"2016-08-26T21:00:55","modified_gmt":"2016-08-26T19:00:55","slug":"die-eu-stehe-vor-beispiellosen-herausforderungen-sagt-szijjarto-dem-dubrovnik-forum","status":"publish","type":"post","link":"https:\/\/dailynewshungary.com\/de\/die-eu-stehe-vor-beispiellosen-herausforderungen-sagt-szijjarto-dem-dubrovnik-forum\/","title":{"rendered":"Die EU stehe vor beispiellosen Herausforderungen, sagt Szijj\u00e1rt\u00f3 dem Dubrovnik-Forum"},"content":{"rendered":"<p><strong>Dubrovnik, 26. August (MTI) \u2013 Die Europ\u00e4ische Union hat noch nie so viele und so schwierige Herausforderungen gleichzeitig erlebt wie heute, sagte Au\u00dfenminister P\u00e9ter Szijj\u00e1rt\u00f3 am Freitag auf dem Dubrovnik-Forum.<\/strong><\/p>\n<p>Der Migrationsdruck, die Terrorgefahr, das britische Votum f\u00fcr einen EU-Austritt und der Krieg in der Ukraine scheinen die EU zunehmend vor ungel\u00f6ste Herausforderungen zu stellen, sagte er auf dem internationalen au\u00dfenpolitischen und sicherheitspolitischen Treffen in Kroatien.<\/p>\n<p>Er legte eine Liste mit vier Vorschl\u00e4gen der ungarischen Regierung vor, damit die EU \u201ceinen Ausweg aus dieser \u00e4u\u00dferst schwierigen Situation finden\u201d k\u00f6nne.<\/p>\n<p>Zun\u00e4chst einmal \u201cmuss sich die EU sch\u00fctzen\u201d und \u201ces ist notwendig, die nicht nachhaltige europ\u00e4ische Praxis aufzugeben, Tausende, Zehntausende und Hunderttausende zu ermutigen, die Grenzen der EU &#8211; und EU-L\u00e4nder zu st\u00fcrmen und zu verletzen\u201d, sagte er.<\/p>\n<p>Szijj\u00e1rt\u00f3 bezeichnete die fr\u00fcheren Entscheidungen der Europ\u00e4ischen Kommission zur Migration als \u201esch\u00e4digend und fehlerhaft\u201cund sagte, es sei notwendig, sich in eine neue Richtung zur Bew\u00e4ltigung der Migrationskrise auf den Weg zu machen und den Weg zu verlassen, den die EG und die europ\u00e4ischen Institutionen bisher eingeschlagen haben.<\/p>\n<p>Die Expansion der EU auf den westlichen Balkan m\u00fcsse beschleunigt werden, sagte erDer westliche Balkan und S\u00fcdosteuropa h\u00e4tten sich wiederholt als \u00e4u\u00dferst instabil und fragil erwiesen, und dies k\u00f6nne am besten durch eine Ausweitung der EU-Integration ge\u00e4ndert werden.<\/p>\n<p>Der dritte von Szijj\u00e1rt\u00f3 vorgelegte Vorschlag besteht darin, Br\u00fcssel keine weiteren Befugnisse zu \u00fcbertragen. Je st\u00e4rker die EU-Mitgliedstaaten sind, desto st\u00e4rker wird die EU sein, f\u00fcgte er hinzuWie man gesehen hat, waren nur die Antworten auf die j\u00fcngsten Herausforderungen erfolgreich, die von den Mitgliedstaaten gegeben wurden, sagte er.<\/p>\n<p>Abschlie\u00dfend sagte er, Europa brauche starke und entschlossene F\u00fchrer, die demokratisch gew\u00e4hlt w\u00fcrden. \u201eAlle Angriffe auf demokratisch gew\u00e4hlte F\u00fchrer in der EU oder in der N\u00e4he der EU sind Angriffe auf die Sicherheit der EU, f\u00fcgte er hinzu.<\/p>\n<p>Am Rande des Forums f\u00fchrte Szijj\u00e1rt\u00f3 Gespr\u00e4che mit Petru Sorin, Rum\u00e4niens Verkehrsminister, Sie einigten sich darauf, dass Ungarn 2018 seine Autobahn M4 mit der rum\u00e4nischen A3 verbinden werde, teilte das ungarische Au\u00dfenministerium in einer Erkl\u00e4rung mitEs werde eine Grenz\u00fcbergangsstation von Ungarn gebaut, hie\u00df es und f\u00fcgte hinzu, dass die technische Vorbereitung des Projekts bereits begonnen habe.<\/p>\n","protected":false},"excerpt":{"rendered":"<p>Dubrovnik, 26. August (MTI) \u2013 Die Europ\u00e4ische Union hat noch nie so viele und so schwierige Herausforderungen gleichzeitig erlebt wie heute, sagte Au\u00dfenminister P\u00e9ter Szijj\u00e1rt\u00f3 am Freitag auf dem Dubrovnik-Forum. Der Migrationsdruck, die Terrorgefahr, das britische Votum f\u00fcr einen EU-Austritt und der Krieg in der Ukraine scheinen die EU zunehmend vor ungel\u00f6ste Herausforderungen zu stellen, [&hellip;]<\/p>\n","protected":false},"author":2,"featured_media":755506,"comment_status":"open","ping_status":"open","sticky":false,"template":"","format":"standard","meta":{"_acf_changed":false,"_display_image":"","footnotes":""},"categories":[1081],"tags":[1169,1082,1199,1445],"class_list":["post-755505","post","type-post","status-publish","format-standard","has-post-thumbnail","hentry","category-politik","tag-aussenministerium-von-ungarn","tag-europaische-union","tag-kroatien","tag-migration"],"blocksy_meta":[],"acf":[],"author_username":"alk","telegram_post":"","public_post_metadata":{"breaking_news":"","important":"","csempe":"","center_tile":"","disable_thumbnail":"","target_lang":"","_featured_image_style":"","telegram_post":"","_xlat_group_id":""},"public_rank_math_data":{"title":"%title% %sep% %sitename%","description":"","focus_keyword":"Dubrovnik-Forum Kroatien","canonical_url":"","robots":"","primary_category":"1081","breadcrumb_title":"","facebook_title":"","facebook_description":"","facebook_image":"","facebook_image_id":"","twitter_title":"","twitter_description":"","twitter_image":"","twitter_image_id":"","twitter_card_type":"","twitter_use_facebook":"","advanced_robots":"","pillar_content":"","seo_score":"1","contentai_score":"","rich_snippet":""},"_links":{"self":[{"href":"https:\/\/dailynewshungary.com\/de\/wp-json\/wp\/v2\/posts\/755505","targetHints":{"allow":["GET"]}}],"collection":[{"href":"https:\/\/dailynewshungary.com\/de\/wp-json\/wp\/v2\/posts"}],"about":[{"href":"https:\/\/dailynewshungary.com\/de\/wp-json\/wp\/v2\/types\/post"}],"author":[{"embeddable":true,"href":"https:\/\/dailynewshungary.com\/de\/wp-json\/wp\/v2\/users\/2"}],"replies":[{"embeddable":true,"href":"https:\/\/dailynewshungary.com\/de\/wp-json\/wp\/v2\/comments?post=755505"}],"version-history":[{"count":0,"href":"https:\/\/dailynewshungary.com\/de\/wp-json\/wp\/v2\/posts\/755505\/revisions"}],"wp:featuredmedia":[{"embeddable":true,"href":"https:\/\/dailynewshungary.com\/de\/wp-json\/wp\/v2\/media\/755506"}],"wp:attachment":[{"href":"https:\/\/dailynewshungary.com\/de\/wp-json\/wp\/v2\/media?parent=755505"}],"wp:term":[{"taxonomy":"category","embeddable":true,"href":"https:\/\/dailynewshungary.com\/de\/wp-json\/wp\/v2\/categories?post=755505"},{"taxonomy":"post_tag","embeddable":true,"href":"https:\/\/dailynewshungary.com\/de\/wp-json\/wp\/v2\/tags?post=755505"}],"curies":[{"name":"wp","href":"https:\/\/api.w.org\/{rel}","templated":true}]}}