{"id":755577,"date":"2016-08-24T12:20:07","date_gmt":"2016-08-24T10:20:07","guid":{"rendered":"https:\/\/dailynewshungary.com\/de\/turkischer-premierminister-ungarn-geht-mit-solidaritat-mit-der-turkei-vor\/"},"modified":"2016-08-24T12:20:07","modified_gmt":"2016-08-24T10:20:07","slug":"turkischer-premierminister-ungarn-geht-mit-solidaritat-mit-der-turkei-vor","status":"publish","type":"post","link":"https:\/\/dailynewshungary.com\/de\/turkischer-premierminister-ungarn-geht-mit-solidaritat-mit-der-turkei-vor\/","title":{"rendered":"T\u00fcrkischer Premierminister: Ungarn geht mit Solidarit\u00e4t mit der T\u00fcrkei vor"},"content":{"rendered":"<p><strong>Budapest, 24. August (MTI) \u2013 Ungarns Reaktion auf den Putschversuch vom 15. Juli in der T\u00fcrkei sollte allen L\u00e4ndern der Europ\u00e4ischen Union ein Beispiel sein, sagte der t\u00fcrkische Premierminister Binali Yildirim laut der staatlichen t\u00fcrkischen Nachrichtenagentur Anadolu.<\/strong><\/p>\n<p>Der ungarische Au\u00dfenminister P\u00e9ter Szijj\u00e1rt\u00f3 habe sich bei seinem laufenden Besuch in Ankara stark solidarisch mit der T\u00fcrkei ge\u00e4u\u00dfert, was sehr gesch\u00e4tzt werde, sagte Yildirim am sp\u00e4ten Dienstag. Er sagte, die \u201cAufr\u00e4umarbeiten\u201d nach dem Putschversuch w\u00fcrden nach einem demokratischen Rechtsstaat durchgef\u00fchrt Die ungarischen Beh\u00f6rden seien zur Zusammenarbeit bereit, sagte er.<\/p>\n<p>Die T\u00fcrkei macht Fetullah Gulen und sein Netzwerk f\u00fcr den Putschversuch verantwortlich und hat seine Organisation zur Terrorgruppe erkl\u00e4rt. Szijjarto sagte, Ungarn stehe der T\u00fcrkei im Kampf gegen den Terrorismus zur Seite, berichtete Anadolu.<\/p>\n<p>Szijj\u00e1rt\u00f3 traf sich auch mit dem t\u00fcrkischen Parlamentspr\u00e4sidenten Ismail Kahraman, der sagte, die T\u00fcrkei betrachte die Ungarn als Freunde, Verwandte und Verb\u00fcndete. Kahraman dankte Ungarn f\u00fcr seine \u201eSensibilit\u00e4t gegen\u00fcber dem Putschversuch\u201cso der Bericht.<\/p>\n<p>Szijj\u00e1rt\u00f3 sagte, die ungarische Regierung habe von Anfang an klar zum Ausdruck gebracht, dass es sich bei den Ereignissen in der T\u00fcrkei um einen Terroranschlag handele.<\/p>\n<p style=\"text-align: center;\">&nbsp;<iframe loading=\"lazy\" style=\"border: none; overflow: hidden;\" src=\"https:\/\/www.facebook.com\/plugins\/post.php?href=https%3A%2F%2Fwww.facebook.com%2Fdailynewshungary%2Fposts%2F1077986488903588&amp;width=500\" width=\"500\" height=\"525\" frameborder=\"0\" scrolling=\"no\"><\/iframe><\/p>\n<p>Sp\u00e4ter am Tag traf Szijj\u00e1rt\u00f3 den t\u00fcrkischen Au\u00dfenminister Mevlut Cavusoglu und die beiden hielten eine gemeinsame Pressekonferenz ab. Auch Cavusoglu sagte, Ungarn sei ein \u201cechter Freund\u201d und dr\u00fcckte sofort seine bedingungslose Unterst\u00fctzung gegen\u00fcber der t\u00fcrkischen Regierung aus, w\u00e4hrend viele andere L\u00e4nder und Politiker auf den Ausgang des Vorfalls gewartet h\u00e4tten. Die politischen Beziehungen zwischen ihren L\u00e4ndern florieren, sagte Cavusoglu.<\/p>\n<p><em>Foto: MTI<\/em><\/p>\n","protected":false},"excerpt":{"rendered":"<p>Budapest, 24. August (MTI) \u2013 Ungarns Reaktion auf den Putschversuch vom 15. Juli in der T\u00fcrkei sollte allen L\u00e4ndern der Europ\u00e4ischen Union ein Beispiel sein, sagte der t\u00fcrkische Premierminister Binali Yildirim laut der staatlichen t\u00fcrkischen Nachrichtenagentur Anadolu. Der ungarische Au\u00dfenminister P\u00e9ter Szijj\u00e1rt\u00f3 habe sich bei seinem laufenden Besuch in Ankara stark solidarisch mit der T\u00fcrkei [&hellip;]<\/p>\n","protected":false},"author":2,"featured_media":755578,"comment_status":"open","ping_status":"open","sticky":false,"template":"","format":"standard","meta":{"_acf_changed":false,"_display_image":"","footnotes":""},"categories":[1081],"tags":[1169,1082,1200],"class_list":["post-755577","post","type-post","status-publish","format-standard","has-post-thumbnail","hentry","category-politik","tag-aussenministerium-von-ungarn","tag-europaische-union","tag-turkei"],"blocksy_meta":[],"acf":[],"author_username":"alk","telegram_post":"","public_post_metadata":{"breaking_news":"","important":"","csempe":"","center_tile":"","disable_thumbnail":"","target_lang":"","_featured_image_style":"","telegram_post":"","_xlat_group_id":""},"public_rank_math_data":{"title":"%title% %sep% %sitename%","description":"","focus_keyword":"Truthahn hungary","canonical_url":"","robots":"","primary_category":"1081","breadcrumb_title":"","facebook_title":"","facebook_description":"","facebook_image":"","facebook_image_id":"","twitter_title":"","twitter_description":"","twitter_image":"","twitter_image_id":"","twitter_card_type":"","twitter_use_facebook":"","advanced_robots":"","pillar_content":"","seo_score":"3","contentai_score":"","rich_snippet":""},"_links":{"self":[{"href":"https:\/\/dailynewshungary.com\/de\/wp-json\/wp\/v2\/posts\/755577","targetHints":{"allow":["GET"]}}],"collection":[{"href":"https:\/\/dailynewshungary.com\/de\/wp-json\/wp\/v2\/posts"}],"about":[{"href":"https:\/\/dailynewshungary.com\/de\/wp-json\/wp\/v2\/types\/post"}],"author":[{"embeddable":true,"href":"https:\/\/dailynewshungary.com\/de\/wp-json\/wp\/v2\/users\/2"}],"replies":[{"embeddable":true,"href":"https:\/\/dailynewshungary.com\/de\/wp-json\/wp\/v2\/comments?post=755577"}],"version-history":[{"count":0,"href":"https:\/\/dailynewshungary.com\/de\/wp-json\/wp\/v2\/posts\/755577\/revisions"}],"wp:featuredmedia":[{"embeddable":true,"href":"https:\/\/dailynewshungary.com\/de\/wp-json\/wp\/v2\/media\/755578"}],"wp:attachment":[{"href":"https:\/\/dailynewshungary.com\/de\/wp-json\/wp\/v2\/media?parent=755577"}],"wp:term":[{"taxonomy":"category","embeddable":true,"href":"https:\/\/dailynewshungary.com\/de\/wp-json\/wp\/v2\/categories?post=755577"},{"taxonomy":"post_tag","embeddable":true,"href":"https:\/\/dailynewshungary.com\/de\/wp-json\/wp\/v2\/tags?post=755577"}],"curies":[{"name":"wp","href":"https:\/\/api.w.org\/{rel}","templated":true}]}}