{"id":755635,"date":"2016-08-22T10:00:47","date_gmt":"2016-08-22T08:00:47","guid":{"rendered":"https:\/\/dailynewshungary.com\/de\/orbans-berater-ungarn-tut-alles-fur-europas-sicherheit\/"},"modified":"2016-08-22T10:00:47","modified_gmt":"2016-08-22T08:00:47","slug":"orbans-berater-ungarn-tut-alles-fur-europas-sicherheit","status":"publish","type":"post","link":"https:\/\/dailynewshungary.com\/de\/orbans-berater-ungarn-tut-alles-fur-europas-sicherheit\/","title":{"rendered":"Orb\u00e1ns Berater: Ungarn \u2018tut alles\u2019 f\u00fcr Europas Sicherheit"},"content":{"rendered":"<p><strong>Budapest, 21. August (MTI) \u201eMit dem Schutz seiner eigenen Grenze bewacht Ungarn auch die europ\u00e4ische Au\u00dfengrenze und \u201etut damit alles\u201d, um die Menschen in Europa zu sch\u00fctzen, sagte der oberste Sicherheitsberater des Premierministers am Sonntag im \u00f6ffentlichen Radio.<\/strong><\/p>\n<p>Gy\u00f6rgy Bakondi sagte gegen\u00fcber Kossuth Radio, dass die Bedeutung der Grenzkontrollen und des bevorstehenden Referendums \u00fcber die obligatorischen Migrantenquoten der Europ\u00e4ischen Union nicht an der Zahl der derzeit im Land lebenden Migranten gemessen werden k\u00f6nne. Die Haupt\u00fcberlegung sei, dass die EU-Vorschriften eingehalten werden m\u00fcssten, sagte er.<\/p>\n<p>Seit Beginn der Fl\u00fcchtlingskrise sei Ungarn aufgrund der von ihm ergriffenen Ma\u00dfnahmen Opfer zahlreicher Angriffe geworden, sagte er. Gleichzeitig habe sich die Situation inzwischen ge\u00e4ndert: Jede europ\u00e4ische Regierung habe den Stimmungsumschwung unter ihren B\u00fcrgern gesp\u00fcrt und seitdem eine defensive Haltung eingenommen, betonte er.<\/p>\n<p>Es sei nicht nur die Visegrad-Gruppe, die genug von unkontrollierter Migration auf europ\u00e4ischem Territorium habe, sondern viele andere L\u00e4nder denken \u00e4hnlich, sagte er und f\u00fcgte hinzu, dass die St\u00e4rkung der inneren Sicherheit ein Muss sei.<\/p>\n<p>Bakondi sagte auch, dass Ungarn nie irgendeiner Art von Erpressung nachgegeben habe, sei es durch Demonstrationen, gewaltt\u00e4tige illegale Grenz\u00fcbertritte oder irgendeine andere Bedrohung, und es werde dies auch nie tun, f\u00fcgte er hinzu.<\/p>\n<p>Das Ergebnis der strengeren Ma\u00dfnahmen Ungarns sei, dass die Grenz\u00fcberg\u00e4nge von mehreren Tausend pro Tag im vergangenen Fr\u00fchjahr auf durchschnittlich etwa hundert heute zur\u00fcckgegangen seien, sagte er.<\/p>\n<p><em>Foto: Bal\u00e1zs B\u00e9li<\/em><\/p>\n","protected":false},"excerpt":{"rendered":"<p>Budapest, 21. August (MTI) \u201eMit dem Schutz seiner eigenen Grenze bewacht Ungarn auch die europ\u00e4ische Au\u00dfengrenze und \u201etut damit alles\u201d, um die Menschen in Europa zu sch\u00fctzen, sagte der oberste Sicherheitsberater des Premierministers am Sonntag im \u00f6ffentlichen Radio. Gy\u00f6rgy Bakondi sagte gegen\u00fcber Kossuth Radio, dass die Bedeutung der Grenzkontrollen und des bevorstehenden Referendums \u00fcber die [&hellip;]<\/p>\n","protected":false},"author":2,"featured_media":755636,"comment_status":"open","ping_status":"open","sticky":false,"template":"","format":"standard","meta":{"_acf_changed":false,"_display_image":"","footnotes":""},"categories":[1081],"tags":[1082,1445,1299,1923],"class_list":["post-755635","post","type-post","status-publish","format-standard","has-post-thumbnail","hentry","category-politik","tag-europaische-union","tag-migration","tag-schengen","tag-visegrad-vier"],"blocksy_meta":[],"acf":[],"author_username":"alk","telegram_post":"","public_post_metadata":{"breaking_news":"","important":"","csempe":"","center_tile":"","disable_thumbnail":"","target_lang":"","_featured_image_style":"","telegram_post":"","_xlat_group_id":""},"public_rank_math_data":{"title":"%title% %sep% %sitename%","description":"","focus_keyword":"Grenze","canonical_url":"","robots":"","primary_category":"1081","breadcrumb_title":"","facebook_title":"","facebook_description":"","facebook_image":"","facebook_image_id":"","twitter_title":"","twitter_description":"","twitter_image":"","twitter_image_id":"","twitter_card_type":"","twitter_use_facebook":"","advanced_robots":"","pillar_content":"","seo_score":"15","contentai_score":"","rich_snippet":""},"_links":{"self":[{"href":"https:\/\/dailynewshungary.com\/de\/wp-json\/wp\/v2\/posts\/755635","targetHints":{"allow":["GET"]}}],"collection":[{"href":"https:\/\/dailynewshungary.com\/de\/wp-json\/wp\/v2\/posts"}],"about":[{"href":"https:\/\/dailynewshungary.com\/de\/wp-json\/wp\/v2\/types\/post"}],"author":[{"embeddable":true,"href":"https:\/\/dailynewshungary.com\/de\/wp-json\/wp\/v2\/users\/2"}],"replies":[{"embeddable":true,"href":"https:\/\/dailynewshungary.com\/de\/wp-json\/wp\/v2\/comments?post=755635"}],"version-history":[{"count":0,"href":"https:\/\/dailynewshungary.com\/de\/wp-json\/wp\/v2\/posts\/755635\/revisions"}],"wp:featuredmedia":[{"embeddable":true,"href":"https:\/\/dailynewshungary.com\/de\/wp-json\/wp\/v2\/media\/755636"}],"wp:attachment":[{"href":"https:\/\/dailynewshungary.com\/de\/wp-json\/wp\/v2\/media?parent=755635"}],"wp:term":[{"taxonomy":"category","embeddable":true,"href":"https:\/\/dailynewshungary.com\/de\/wp-json\/wp\/v2\/categories?post=755635"},{"taxonomy":"post_tag","embeddable":true,"href":"https:\/\/dailynewshungary.com\/de\/wp-json\/wp\/v2\/tags?post=755635"}],"curies":[{"name":"wp","href":"https:\/\/api.w.org\/{rel}","templated":true}]}}