{"id":755689,"date":"2016-08-19T21:56:03","date_gmt":"2016-08-19T19:56:03","guid":{"rendered":"https:\/\/dailynewshungary.com\/de\/referendum-regierung-kritisiert-aufruf-des-ungarischen-helsinki-komitees-zu-ungultigen-abstimmungen\/"},"modified":"2016-08-19T21:56:03","modified_gmt":"2016-08-19T19:56:03","slug":"referendum-regierung-kritisiert-aufruf-des-ungarischen-helsinki-komitees-zu-ungultigen-abstimmungen","status":"publish","type":"post","link":"https:\/\/dailynewshungary.com\/de\/referendum-regierung-kritisiert-aufruf-des-ungarischen-helsinki-komitees-zu-ungultigen-abstimmungen\/","title":{"rendered":"Referendum \u2013 Regierung kritisiert Aufruf des Ungarischen Helsinki-Komitees zu ung\u00fcltigen Abstimmungen"},"content":{"rendered":"<p><strong>Budapest, 19. August (MTI) \u201eEs ist einer Menschenrechtsorganisation unw\u00fcrdig, die sich \u201etheoretisch dem Schutz der Rechte der B\u00fcrger widmet\u201cum bei einem Referendum die Abgabe ung\u00fcltiger Stimmen zu fordern, sagte Staatssekret\u00e4rin Csaba D\u00f6m\u00f6t\u00f6r am Freitag.<\/strong><\/p>\n<p>Er antwortete auf die Erkl\u00e4rung des ungarischen Helsinki-Komitees vom Donnerstag, in der die W\u00e4hler aufgefordert wurden, beim Referendum \u00fcber die Migrantenquote der Europ\u00e4ischen Union am 2. Oktober zur Wahl zu gehen, aber eine ung\u00fcltige Stimme abgegeben hatten.<\/p>\n<p>Das Referendum wird eine Garantie daf\u00fcr sein, dass die Ungarn in der Lage sein sollten, selbst \u00fcber Themen zu entscheiden, die ihr Leben stark beeinflussen. Die Position des ungarischen Helsinki-Komitees ist unsensikal, da Referenden eine der wichtigsten Institutionen der Demokratie sind. \u201eAnstelle eines solchen \u201eunangemessenen Verhaltens f\u00fcr eine Menschenrechtsorganisation\u201c\u201d sollte das ungarische Helsinki-Komitee klarstellen, \u201eob es die Umsiedlungspl\u00e4ne Br\u00fcssels unterst\u00fctzt oder nicht\u201d, sagte er.<\/p>\n<p>Im Referendum werden die W\u00e4hler gefragt:<\/p>\n<blockquote>\n<p>\u201cWollen Sie zulassen, dass die Europ\u00e4ische Union die Umsiedlung nichtungarischer Staatsb\u00fcrger nach Ungarn ohne Zustimmung des Parlaments vorschreibt?\u201d<\/p>\n<\/blockquote>\n<p>&nbsp;<\/p>\n","protected":false},"excerpt":{"rendered":"<p>Budapest, 19. August (MTI) \u201eEs ist einer Menschenrechtsorganisation unw\u00fcrdig, die sich \u201etheoretisch dem Schutz der Rechte der B\u00fcrger widmet\u201cum bei einem Referendum die Abgabe ung\u00fcltiger Stimmen zu fordern, sagte Staatssekret\u00e4rin Csaba D\u00f6m\u00f6t\u00f6r am Freitag. Er antwortete auf die Erkl\u00e4rung des ungarischen Helsinki-Komitees vom Donnerstag, in der die W\u00e4hler aufgefordert wurden, beim Referendum \u00fcber die Migrantenquote [&hellip;]<\/p>\n","protected":false},"author":2,"featured_media":755690,"comment_status":"open","ping_status":"open","sticky":false,"template":"","format":"standard","meta":{"_acf_changed":false,"_display_image":"","footnotes":""},"categories":[1081],"tags":[1082,3772],"class_list":["post-755689","post","type-post","status-publish","format-standard","has-post-thumbnail","hentry","category-politik","tag-europaische-union","tag-referendum-uber-migrantenquoten"],"blocksy_meta":[],"acf":[],"author_username":"alk","telegram_post":"","public_post_metadata":{"breaking_news":"","important":"","csempe":"","center_tile":"","disable_thumbnail":"","target_lang":"","_featured_image_style":"","telegram_post":"","_xlat_group_id":""},"public_rank_math_data":{"title":"%title% %sep% %sitename%","description":"","focus_keyword":"Helsinki-komitee","canonical_url":"","robots":"","primary_category":"1081","breadcrumb_title":"","facebook_title":"","facebook_description":"","facebook_image":"","facebook_image_id":"","twitter_title":"","twitter_description":"","twitter_image":"","twitter_image_id":"","twitter_card_type":"","twitter_use_facebook":"","advanced_robots":"","pillar_content":"","seo_score":"57","contentai_score":"","rich_snippet":""},"_links":{"self":[{"href":"https:\/\/dailynewshungary.com\/de\/wp-json\/wp\/v2\/posts\/755689","targetHints":{"allow":["GET"]}}],"collection":[{"href":"https:\/\/dailynewshungary.com\/de\/wp-json\/wp\/v2\/posts"}],"about":[{"href":"https:\/\/dailynewshungary.com\/de\/wp-json\/wp\/v2\/types\/post"}],"author":[{"embeddable":true,"href":"https:\/\/dailynewshungary.com\/de\/wp-json\/wp\/v2\/users\/2"}],"replies":[{"embeddable":true,"href":"https:\/\/dailynewshungary.com\/de\/wp-json\/wp\/v2\/comments?post=755689"}],"version-history":[{"count":0,"href":"https:\/\/dailynewshungary.com\/de\/wp-json\/wp\/v2\/posts\/755689\/revisions"}],"wp:featuredmedia":[{"embeddable":true,"href":"https:\/\/dailynewshungary.com\/de\/wp-json\/wp\/v2\/media\/755690"}],"wp:attachment":[{"href":"https:\/\/dailynewshungary.com\/de\/wp-json\/wp\/v2\/media?parent=755689"}],"wp:term":[{"taxonomy":"category","embeddable":true,"href":"https:\/\/dailynewshungary.com\/de\/wp-json\/wp\/v2\/categories?post=755689"},{"taxonomy":"post_tag","embeddable":true,"href":"https:\/\/dailynewshungary.com\/de\/wp-json\/wp\/v2\/tags?post=755689"}],"curies":[{"name":"wp","href":"https:\/\/api.w.org\/{rel}","templated":true}]}}