{"id":755698,"date":"2016-08-19T16:00:24","date_gmt":"2016-08-19T14:00:24","guid":{"rendered":"https:\/\/dailynewshungary.com\/de\/ungarische-regierung-brussel-muss-sich-dafur-interessieren-was-das-ungarische-volk-zu-sagen-hat\/"},"modified":"2016-08-19T16:00:24","modified_gmt":"2016-08-19T14:00:24","slug":"ungarische-regierung-brussel-muss-sich-dafur-interessieren-was-das-ungarische-volk-zu-sagen-hat","status":"publish","type":"post","link":"https:\/\/dailynewshungary.com\/de\/ungarische-regierung-brussel-muss-sich-dafur-interessieren-was-das-ungarische-volk-zu-sagen-hat\/","title":{"rendered":"Ungarische Regierung: Br\u00fcssel muss sich daf\u00fcr interessieren, was das ungarische Volk zu sagen hat"},"content":{"rendered":"<p><strong>Regierungssprecher Zolt\u00e1n Kov\u00e1cs ist der Ansicht, dass Br\u00fcssel sich f\u00fcr die Aussagen des ungarischen Volkes interessieren muss, und es ist wichtig, wie seine Botschaft beim Referendum am 2. Oktober aussehen wird.<\/strong><\/p>\n<p>Herr Kov\u00e1cs sagte in der Freitagmorgensendung des \u00f6ffentlich-rechtlichen Fernsehnachrichtensenders M1, die wir im Zusammenhang mit dem Brexit gesehen haben: Wenn die Meinungen, der Wille und die Gef\u00fchle der Menschen zum Verlauf der Dinge in der Europ\u00e4ischen Union au\u00dfer Acht gelassen werden, kann dies Konsequenzen haben dass ein Mitgliedstaat beschlie\u00dft, die EU zu verlassen.<\/p>\n<p>Der Regierungssprecher betonte: Am 2. Oktober muss das ungarische Volk \u00fcber eine konkrete Frage entscheiden, n\u00e4mlich: Wer sollte \u00fcber die Befugnisse verf\u00fcgen, die nie aus der nationalen Zust\u00e4ndigkeit entfernt wurden, um zu entscheiden, wer im Hoheitsgebiet eines bestimmten Landes leben darf? Herr Kov\u00e1cs glaubt, dass diese Entscheidung f\u00fcr Br\u00fcssel unvermeidbar und unbestreitbar sein wird, die es auch im Hinblick auf die Zukunft der EU ber\u00fccksichtigen muss, um zu bestimmen, wie es die gescheiterte Politik, die es in Bezug auf die Migration verfolgt, \u00e4ndern soll.<\/p>\n<p>Er erw\u00e4hnte auch, dass in den letzten mehr als sechs Monaten die Linke, aber in gewissem Ma\u00dfe auch Jobbik ihr M\u00f6glichstes getan habe, um sicherzustellen, dass das Referendum \u00fcber die Zwangsumsiedlung von Migranten nicht g\u00fcltig und erfolgreich sein d\u00fcrfe. Herr Kov\u00e1cs bemerkte, dass sich die Frage stelle: Was ist das f\u00fcr ein Demokrat, der das demokratischste Forum f\u00fcr die Meinungs\u00e4u\u00dferung in Frage stellt? Er vertrat die Ansicht, dass <a href=\"https:\/\/dailynewshungary.com\/de\/jobbik-parlamentssitzung-zum-wahlrecht-vereitelt\/\" target=\"_blank\" rel=\"noopener noreferrer\">Die von Jobbik initiierte au\u00dferordentliche Parlamentssitzung<\/a> Auch f\u00fcr Montag dient der Absage des Referendums, trotz der Tatsache, dass das Volk ein Mitspracherecht hat Folglich wird es am Montag, wie er sagte, \u201cder Formalit\u00e4t halber jemanden im Parlament geben, der Fidesz vertritt, aber wir werden nicht die Mehrheit und die Anwesenheit bereitstellen, die f\u00fcr die Annahme eines Beschlusses erforderlich sind\u201d.<\/p>\n<p style=\"text-align: center;\">[button link=\u201dhttps:\/\/dailynewshungary.com\/tag\/referendum-on-migrant-quotas\/\u201d type=\u201dbig\u201d color=\u201dorange\u201d newwindow=\u201dyes\u201d] Lesen Sie mehr News about <strong>REFERENDUM \u00dcBER MIGRANTENQUOTEN<\/strong>[\/knopf]<\/p>\n<p>Herr Kov\u00e1cs sagte weiter zu dem Programm 180 Minuten von Kossuth R\u00e1di\u00f3, dass sich die wirtschaftlichen und sozialen Bedingungen seit der Finanzkrise im Jahr 2008 grundlegend ge\u00e4ndert h\u00e4tten und sich die Herausforderungen seit Beginn der Migrationskrise vervielfacht h\u00e4tten Als Beispiel nannte er, dass eine Reihe von Fragen im Kontext des Sozialf\u00fcrsorgesystems und des Rentensystems \u00fcberpr\u00fcft werden m\u00fcssen Die Person und das Team, die sich mit diesen Fragen befassen, werden in den kommenden Wochen ernannt.<\/p>\n<p>Auf eine Frage zum Residency Bond Program wies der Regierungssprecher darauf hin: Die Erteilung der Aufenthaltserlaubnis sei an eine m\u00f6glichst strenge \u00dcberpr\u00fcfung der nationalen Sicherheit gebunden.<\/p>\n","protected":false},"excerpt":{"rendered":"<p>Regierungssprecher Zolt\u00e1n Kov\u00e1cs ist der Ansicht, dass Br\u00fcssel sich f\u00fcr die Aussagen des ungarischen Volkes interessieren muss, und es ist wichtig, wie seine Botschaft beim Referendum am 2. Oktober aussehen wird. Herr Kov\u00e1cs sagte in der Freitagmorgensendung des \u00f6ffentlich-rechtlichen Fernsehnachrichtensenders M1, die wir im Zusammenhang mit dem Brexit gesehen haben: Wenn die Meinungen, der Wille [&hellip;]<\/p>\n","protected":false},"author":2,"featured_media":755699,"comment_status":"open","ping_status":"open","sticky":false,"template":"","format":"standard","meta":{"_acf_changed":false,"_display_image":"","footnotes":""},"categories":[1081],"tags":[1082,1091,1632,1445,3772],"class_list":["post-755698","post","type-post","status-publish","format-standard","has-post-thumbnail","hentry","category-politik","tag-europaische-union","tag-fidesz","tag-jobbik","tag-migration","tag-referendum-uber-migrantenquoten"],"blocksy_meta":[],"acf":[],"author_username":"alk","telegram_post":"","public_post_metadata":{"breaking_news":"","important":"","csempe":"","center_tile":"","disable_thumbnail":"","target_lang":"","_featured_image_style":"","telegram_post":"","_xlat_group_id":""},"public_rank_math_data":{"title":"%title% %sep% %sitename%","description":"","focus_keyword":"Volksabstimmung","canonical_url":"","robots":"","primary_category":"1081","breadcrumb_title":"","facebook_title":"","facebook_description":"","facebook_image":"","facebook_image_id":"","twitter_title":"","twitter_description":"","twitter_image":"","twitter_image_id":"","twitter_card_type":"","twitter_use_facebook":"","advanced_robots":"","pillar_content":"","seo_score":"7","contentai_score":"","rich_snippet":""},"_links":{"self":[{"href":"https:\/\/dailynewshungary.com\/de\/wp-json\/wp\/v2\/posts\/755698","targetHints":{"allow":["GET"]}}],"collection":[{"href":"https:\/\/dailynewshungary.com\/de\/wp-json\/wp\/v2\/posts"}],"about":[{"href":"https:\/\/dailynewshungary.com\/de\/wp-json\/wp\/v2\/types\/post"}],"author":[{"embeddable":true,"href":"https:\/\/dailynewshungary.com\/de\/wp-json\/wp\/v2\/users\/2"}],"replies":[{"embeddable":true,"href":"https:\/\/dailynewshungary.com\/de\/wp-json\/wp\/v2\/comments?post=755698"}],"version-history":[{"count":0,"href":"https:\/\/dailynewshungary.com\/de\/wp-json\/wp\/v2\/posts\/755698\/revisions"}],"wp:featuredmedia":[{"embeddable":true,"href":"https:\/\/dailynewshungary.com\/de\/wp-json\/wp\/v2\/media\/755699"}],"wp:attachment":[{"href":"https:\/\/dailynewshungary.com\/de\/wp-json\/wp\/v2\/media?parent=755698"}],"wp:term":[{"taxonomy":"category","embeddable":true,"href":"https:\/\/dailynewshungary.com\/de\/wp-json\/wp\/v2\/categories?post=755698"},{"taxonomy":"post_tag","embeddable":true,"href":"https:\/\/dailynewshungary.com\/de\/wp-json\/wp\/v2\/tags?post=755698"}],"curies":[{"name":"wp","href":"https:\/\/api.w.org\/{rel}","templated":true}]}}