{"id":755718,"date":"2016-08-18T20:30:27","date_gmt":"2016-08-18T18:30:27","guid":{"rendered":"https:\/\/dailynewshungary.com\/de\/jobbik-parlamentssitzung-zum-wahlrecht-vereitelt\/"},"modified":"2016-08-18T20:30:27","modified_gmt":"2016-08-18T18:30:27","slug":"jobbik-parlamentssitzung-zum-wahlrecht-vereitelt","status":"publish","type":"post","link":"https:\/\/dailynewshungary.com\/de\/jobbik-parlamentssitzung-zum-wahlrecht-vereitelt\/","title":{"rendered":"Jobbik: Parlamentssitzung zum Wahlrecht vereitelt"},"content":{"rendered":"<p><strong>Budapest, 18. August (MTI) \u2013 Die Jobbik-Partei hat eine au\u00dferordentliche Parlamentssitzung eingeleitet, um \u00fcber ihren Vorschlag zur \u00c4nderung des ungarischen Wahlgesetzes abzustimmen. \u201eAber die regierende Fidesz-Partei und ihr christdemokratischer Verb\u00fcndeter haben signalisiert, dass sie nicht teilnehmen werden, sodass eine Abstimmung zu diesem Thema in der f\u00fcr Montag geplanten Sitzung nicht stattfinden kann, sagte Jobbik-Gesetzgeber Istv\u00e1n Sz\u00e1vay.<\/strong><\/p>\n<p>Nach einer Sitzung des Repr\u00e4sentantenhausausschusses sagte Sz\u00e1vay, das geltende Wahlgesetz unterscheide zwischen W\u00e4hlern. \u201eDas ist diskriminierend und falsch in einem Land, das auf Rechtsstaatlichkeit basiert, sagte er.<\/p>\n<p>Au\u00dferhalb der Grenze lebende ethnische Ungarn k\u00f6nnen per Briefwahl w\u00e4hlen, w\u00e4hrend Ungarn, die einen festen Wohnsitz im Land haben, sich aber am Tag einer Wahl oder eines Referendums im Ausland aufhalten, nur in einer ungarischen Botschaft oder einem Konsularb\u00fcro in ihrer N\u00e4he w\u00e4hlen k\u00f6nnen, beklagte er.<\/p>\n<p>D\u00f3ra D\u00far\u00f3, Jobbiks stellvertretende Fraktionsvorsitzende, sagte, die Regierung solle die Beziehungen zwischen den in Westeuropa arbeitenden Ungarn und ihrem Heimatland st\u00e4rken, aber das derzeitige Wahlsystem ermutige die Menschen, auf einen festen Wohnsitz in Ungarn zu verzichten.<\/p>\n<p>Fidesz-Fraktionsvorsitzender Lajos K\u00f3sa erkl\u00e4rte auf einer Pressekonferenz, es gebe Anlass zur Sorge, dass die Oppositionspartei versuche, die Regeln f\u00fcr ein Referendum, dessen Termin bereits feststeht, zu \u00e4ndernDie Opposition vernachl\u00e4ssige alle demokratischen Normen und Gepflogenheiten, beharrte erWenn Jobbiks Vorschlag angenommen w\u00fcrde, w\u00e4re das Oktober-Referendum nicht durchf\u00fchrbar, da die Zeit nicht ausreichen w\u00fcrde, um alle im Ausland arbeitenden Ungarn zu registrierenf\u00fcgte er hinzu.<\/p>\n","protected":false},"excerpt":{"rendered":"<p>Budapest, 18. August (MTI) \u2013 Die Jobbik-Partei hat eine au\u00dferordentliche Parlamentssitzung eingeleitet, um \u00fcber ihren Vorschlag zur \u00c4nderung des ungarischen Wahlgesetzes abzustimmen. \u201eAber die regierende Fidesz-Partei und ihr christdemokratischer Verb\u00fcndeter haben signalisiert, dass sie nicht teilnehmen werden, sodass eine Abstimmung zu diesem Thema in der f\u00fcr Montag geplanten Sitzung nicht stattfinden kann, sagte Jobbik-Gesetzgeber Istv\u00e1n [&hellip;]<\/p>\n","protected":false},"author":2,"featured_media":755719,"comment_status":"open","ping_status":"open","sticky":false,"template":"","format":"standard","meta":{"_acf_changed":false,"_display_image":"","footnotes":""},"categories":[1081],"tags":[1632,1658,3772,1447],"class_list":["post-755718","post","type-post","status-publish","format-standard","has-post-thumbnail","hentry","category-politik","tag-jobbik","tag-parlament","tag-referendum-uber-migrantenquoten","tag-wahl"],"blocksy_meta":[],"acf":[],"author_username":"alk","telegram_post":"","public_post_metadata":{"breaking_news":"","important":"","csempe":"","center_tile":"","disable_thumbnail":"","target_lang":"","_featured_image_style":"","telegram_post":"","_xlat_group_id":""},"public_rank_math_data":{"title":"%title% %sep% %sitename%","description":"","focus_keyword":"Jobbik","canonical_url":"","robots":"","primary_category":"1081","breadcrumb_title":"","facebook_title":"","facebook_description":"","facebook_image":"","facebook_image_id":"","twitter_title":"","twitter_description":"","twitter_image":"","twitter_image_id":"","twitter_card_type":"","twitter_use_facebook":"","advanced_robots":"","pillar_content":"","seo_score":"57","contentai_score":"","rich_snippet":""},"_links":{"self":[{"href":"https:\/\/dailynewshungary.com\/de\/wp-json\/wp\/v2\/posts\/755718","targetHints":{"allow":["GET"]}}],"collection":[{"href":"https:\/\/dailynewshungary.com\/de\/wp-json\/wp\/v2\/posts"}],"about":[{"href":"https:\/\/dailynewshungary.com\/de\/wp-json\/wp\/v2\/types\/post"}],"author":[{"embeddable":true,"href":"https:\/\/dailynewshungary.com\/de\/wp-json\/wp\/v2\/users\/2"}],"replies":[{"embeddable":true,"href":"https:\/\/dailynewshungary.com\/de\/wp-json\/wp\/v2\/comments?post=755718"}],"version-history":[{"count":0,"href":"https:\/\/dailynewshungary.com\/de\/wp-json\/wp\/v2\/posts\/755718\/revisions"}],"wp:featuredmedia":[{"embeddable":true,"href":"https:\/\/dailynewshungary.com\/de\/wp-json\/wp\/v2\/media\/755719"}],"wp:attachment":[{"href":"https:\/\/dailynewshungary.com\/de\/wp-json\/wp\/v2\/media?parent=755718"}],"wp:term":[{"taxonomy":"category","embeddable":true,"href":"https:\/\/dailynewshungary.com\/de\/wp-json\/wp\/v2\/categories?post=755718"},{"taxonomy":"post_tag","embeddable":true,"href":"https:\/\/dailynewshungary.com\/de\/wp-json\/wp\/v2\/tags?post=755718"}],"curies":[{"name":"wp","href":"https:\/\/api.w.org\/{rel}","templated":true}]}}