{"id":755720,"date":"2016-08-18T20:20:11","date_gmt":"2016-08-18T18:20:11","guid":{"rendered":"https:\/\/dailynewshungary.com\/de\/wochentliche-pressekonferenz-der-regierung-uber-referendum-wirtschaft-und-andere-wichtige-entscheidungen-aktualisierung\/"},"modified":"2016-08-18T20:20:11","modified_gmt":"2016-08-18T18:20:11","slug":"wochentliche-pressekonferenz-der-regierung-uber-referendum-wirtschaft-und-andere-wichtige-entscheidungen-aktualisierung","status":"publish","type":"post","link":"https:\/\/dailynewshungary.com\/de\/wochentliche-pressekonferenz-der-regierung-uber-referendum-wirtschaft-und-andere-wichtige-entscheidungen-aktualisierung\/","title":{"rendered":"W\u00f6chentliche Pressekonferenz der Regierung \u00fcber Referendum, Wirtschaft und andere wichtige Entscheidungen \u2013 AKTUALISIERUNG"},"content":{"rendered":"<p><strong>Budapest, 18. August (MTI) \u201eWenn die ungarischen W\u00e4hler \u201eBr\u00fcssel nicht aufhalten\u201cdann wird die Europ\u00e4ische Union Ungarn mit Leuten f\u00fcllen, die \u201enicht einer von uns\u201d sind, sagte J\u00e1nos L\u00e1z\u00e1r, Chef des strategischen Kabinetts, auf einer regelm\u00e4\u00dfigen Regierungsnachrichtenkonferenz am Donnerstag unter Bezugnahme auf das bevorstehende Referendum vom 2. Oktober. Die Regierung plant, die 270 Milliarden Forint (869 Mio. EUR) an Einnahmen aus Agrarauktionen f\u00fcr den Abbau der Staatsverschuldung auszugeben, sagte er. 1. Die Regierung hat auch eine interne Untersuchung eingeleitet, um herauszufinden, ob es m\u00f6glich sei, Einfluss auf Entscheidungstr\u00e4ger im Zusammenhang mit EU-Ausschreibungsbewertungen zu nehmen, sagte L\u00e1z\u00e1r. Das sei ein Sozialwachstum in Ungarn 2.<\/strong><\/p>\n<p><strong>Die Regierung leitet eine Untersuchung des Vorwurfs einer Transplantation im Zusammenhang mit EU-Ausschreibungen ein<\/strong><\/p>\n<p>L\u00e1z\u00e1r sagte auf einer Pressekonferenz, dass die Immunit\u00e4t des Fidesz-Gesetzgebers Roland Mengyi sicherlich ausgesetzt werde. Mengyi selbst habe dieses Verfahren eingeleitet, stellte er fest.<\/p>\n<p>Premierminister Viktor Orb\u00e1n habe eine Untersuchung des Falles angeordnet, da \u00f6ffentliche Gelder im Mittelpunkt mutma\u00dflicher krimineller Aktivit\u00e4ten st\u00fcnden, sagte er.<\/p>\n<p>L\u00e1z\u00e1r sagte, er sei \u201cziemlich ungl\u00fccklich\u201d \u00fcber das Thema und f\u00fcgte hinzu, dass dies der erste Fall seit sechs Jahren sei, in dem die Aussetzung der Immunit\u00e4t von der Staatsanwaltschaft eingeleitet worden sei. Gleichzeitig sagte er, dass jeder im Zweifelsfall davon profitiert habe.<\/p>\n<p>Ungarns Staatsanwalt P\u00e9ter Polt forderte das Parlament auf, Mengyis Immunit\u00e4t wegen des Verdachts der Korruption im Zusammenhang mit \u00f6ffentlichen Geldern aufzuheben, sagte ein Sprecher der Staatsanwaltschaft am Donnerstag. Die politische Wochenzeitung 168 \u00d3ra berichtete Anfang des Monats, dass Mengyi 2015 Bestechungsgelder von Sozialgenossenschaften im Austausch f\u00fcr eine Vorzugsbehandlung bei ihren Angeboten f\u00fcr EU-Mittel erbeten habe Der Fall betrifft f\u00fcnf Verd\u00e4chtige.<\/p>\n<p>Auf eine Frage zu Vorw\u00fcrfen, die Beh\u00f6rden seien \u201cvon oben angeleitet\u201d worden, Mengyi nicht \u201czu w\u00e4hlen\u201d, sagte L\u00e1z\u00e1r, es gebe in Korruptionsf\u00e4llen Nulltoleranz und die Beh\u00f6rden h\u00e4tten vollst\u00e4ndig im Einklang mit dem Gesetz gehandelt. Er sagte, es sei ausgeschlossen, dass irgendjemand sie anders angewiesen h\u00e4tte.<\/p>\n<p>L\u00e1z\u00e1r sagte, in den letzten Jahren habe es eine deutliche Aufhellung im Zusammenhang mit der Verwendung von EU-Mitteln gegeben, die seiner Meinung nach \u201cwichtig\u201d sei, da \u201cwo immer sie viel Geld verteilen, es viele Interessenten gebe\u201d Um die Transparenz zu erh\u00f6hen, sei ein neues Ausschreibungsbeurteilungssystem eingef\u00fchrt worden, an dem nur staatliche Beamte als Gegner externer Unternehmen \u201ean der Beurteilung beteiligt werden k\u00f6nnen.<\/p>\n<p>Insgesamt seien bisher 1135 Ausschreibungsbewerter registriert worden, sagte erSie erhalten \u201cziemlich viel Geld\u201d f\u00fcr ihre Arbeit und sie erkl\u00e4ren sich damit einverstanden, von den nationalen Sicherheitsdiensten \u00fcberwacht zu werden, sodass sie ihre T\u00e4tigkeit \u201cunter totaler Kontrolle\u201d aus\u00fcben, sagte er.<\/p>\n<p><strong>Referendum \u2013 Die W\u00e4hler m\u00fcssen die Einf\u00fchrung verbindlicher Quoten verhindern<\/strong><\/p>\n<p>\u201cDie Regierung allein ist in diesem Kampf schwach\u201d, sagte L\u00e1z\u00e1r.<\/p>\n<p>Es sei ein gro\u00dfer Fehler, sich f\u00fcr den Boykott des Referendums einzusetzen, sagte erEin echter Demokrat habe die Pflicht, die W\u00e4hler zur Teilnahme an diesem zu ermutigen, f\u00fcgte er hinzu.<\/p>\n<p>Ungarn habe die Migrationswelle gestoppt und Europa durch die Einhaltung seiner Regeln einen gro\u00dfen Gefallen getan, sagte L\u00e1z\u00e1r.<\/p>\n<p>Es gebe einen Plan in der EU, Hunderttausende und Millionen Menschen in den Block zu importieren, um wirtschaftliche und soziale Interessen zu befriedigen, sagte er und f\u00fcgte hinzu, dass Ungarn eine Minderheitsposition darstelle, dass die Migration gestoppt werden m\u00fcsse und kein Bedarf f\u00fcr Migranten bestehe Stattdessen m\u00fcssten ungarische Familien unterst\u00fctzt werdenDas ist der Standpunkt, den Ungarn in der EU vertritt, und die Regierung hat ihre B\u00fcrger gebeten, bei der Vertretung dieser Position mitzuhelfen, sagte L\u00e1z\u00e1r.<\/p>\n<p>Ungarn sei dank seiner Gesetze und des Zauns an der EU-Au\u00dfengrenze zu einem der sichersten L\u00e4nder in Bezug auf Migration geworden, sagte er.<\/p>\n<p>Zu den diesbez\u00fcglichen F\u00f6rderungen sagte er, die EU habe \u201cim Wesentlichen nichts\u201d gegeben, w\u00e4hrend \u00d6sterreich allein Hilfe angeboten habe \u201cDeutschland und die EU haben nicht,\u201d sagte er.<\/p>\n<p>L\u00e1z\u00e1r sagte, der Grund, warum die Regierung beschlossen habe, den Ausnahmezustand zu verl\u00e4ngern, sei, dass voraussichtlich im Herbst mehr Migranten eintreffen und der Migrationsdruck zunehmen werde. Das Abkommen zwischen der EU und der T\u00fcrkei sei wirkungslos, sagte er und f\u00fcgte hinzu, dass die Zahl der Ank\u00fcnfte in Griechenland zunehme und es Berichte gebe, dass die Menschen, die dort an der Grenze warten, nicht \u201evor einem Angriff zur\u00fcckschrecken\u201c\u201d.<\/p>\n<p>Der Grund, warum Ungarn die Zahl der Polizisten an der Grenze um 3000 erh\u00f6ht hat, ist, dass, sollte Europa die n\u00e4chsten 5-10 Jahre unter dem derzeitigen Druck stehen, es notwendig sein wird, die versiegelte Grenze aufrechtzuerhalten, sagte erEine kleinere Truppe w\u00fcrde einem \u201cSicherheitsdefizit\u201d gleichkommen.<\/p>\n<p>Zum Thema der Aufforderung der T\u00fcrkei an Ungarn, im Zusammenhang mit dem j\u00fcngsten Putschversuch in der T\u00fcrkei und damit zusammenh\u00e4ngenden Vorw\u00fcrfen gegen Fethullah Gulen eine Schule in Budapest zu schlie\u00dfen, sagte L\u00e1z\u00e1r, Ministerpr\u00e4sident Viktor Orb\u00e1n habe das Au\u00dfen &#8211; und Innenministerium beauftragt, das Ersuchen zu pr\u00fcfenDer Standpunkt der Regierung ist, dass es im Interesse Ungarns liegt, dass die T\u00fcrkei stabil bleiben muss, um die Sicherheit der Region zu erhalten und die Migrationskrise zu l\u00f6sen, sagte er.<\/p>\n<p><img loading=\"lazy\" decoding=\"async\" class=\"size-large wp-image-80400 aligncenter\" src=\"https:\/\/dailynewshungary.com\/wp-content\/uploads\/2016\/08\/D_NOE20160818026-1024x682.jpg\" alt=\"L\u00e1z\u00e1r J\u00e1nos\" width=\"1024\" height=\"682\" srcset=\"https:\/\/contentf5.dailynewshungary.com\/wp-content\/uploads\/2016\/08\/D_NOE20160818026-1024x682.jpg 1024w, https:\/\/contentf5.dailynewshungary.com\/wp-content\/uploads\/2016\/08\/D_NOE20160818026-300x200.jpg 300w, https:\/\/contentf5.dailynewshungary.com\/wp-content\/uploads\/2016\/08\/D_NOE20160818026-768x511.jpg 768w, https:\/\/contentf5.dailynewshungary.com\/wp-content\/uploads\/2016\/08\/D_NOE20160818026-220x146.jpg 220w, https:\/\/contentf5.dailynewshungary.com\/wp-content\/uploads\/2016\/08\/D_NOE20160818026-610x406.jpg 610w, https:\/\/contentf5.dailynewshungary.com\/wp-content\/uploads\/2016\/08\/D_NOE20160818026-1080x719.jpg 1080w\" sizes=\"auto, (max-width: 1024px) 100vw, 1024px\"><\/p>\n<p><strong>Die Regierung plant, Einnahmen aus dem Landverkauf f\u00fcr den Schuldenabbau auszugeben<\/strong><\/p>\n<p>Eine Entscheidung dar\u00fcber, wie die Einnahmen ausgegeben werden sollen, werde bis n\u00e4chste Woche abgeschlossen sein, sagte L\u00e1z\u00e1r. \u201eIn der Regierung besteht jedoch allgemeiner Konsens dar\u00fcber, dass sie zur Reduzierung der \u201evon den Sozialisten angeh\u00e4uften Staatsschulden\u201cverwendet werden sollten\u201d, f\u00fcgte er hinzu.<\/p>\n<p>Die Regierung werde die Auktionen f\u00fcr Ackerland im September offiziell abschlie\u00dfen, sagte L\u00e1z\u00e1r und wies darauf hin, dass 206.000 Hektar der 280.000 zur Versteigerung angebotenen Hektar verkauft worden seien. Insgesamt seien 30.000 gekaufte Grundst\u00fccke, von denen 20.000 Grundst\u00fccke mit einer Gr\u00f6\u00dfe von weniger als 3 Hektar kauften, f\u00fcgte er hinzu.<\/p>\n<p><strong>Ungarns Wirtschaft hat sich in H1 gut entwickelt<\/strong><\/p>\n<p>L\u00e1z\u00e1r sagte, dass das Wachstum im zweiten Quartal auf die Politikgestaltung der Regierung zur\u00fcckzuf\u00fchren sei, da die EU-Zahlungen erst danach anstiegen.<\/p>\n<p>Weitere bemerkenswerte Daten kamen in Form von Eurostat-Zahlen, aus denen hervorgeht, dass die Arbeitslosenquote von 11,6 Prozent im Jahr 2010 auf 5,1 Prozent gesunken ist, was dazu f\u00fchrt, dass mittlerweile 4,4 Millionen Menschen Steuern auf die von ihnen ausge\u00fcbten Arbeitspl\u00e4tze zahlen Er bestand darauf, dass dieser positive Trend auch in den n\u00e4chsten sechs Monaten anhalten w\u00fcrde.<\/p>\n<p>Innerhalb eines Jahres seien in Ungarn 140.000 Arbeitspl\u00e4tze geschaffen worden, und im Vergleich zu 2010 arbeiteten in Ungarn derzeit 670.000 Menschen mehr, sagte er.<\/p>\n<p>Die Regierung sei bereit, die M\u00f6glichkeit einer Senkung der Besch\u00e4ftigungsbeitr\u00e4ge zu pr\u00fcfen, und sie werde pr\u00fcfen, ob bis 2018 eine realistische Chance daf\u00fcr bestehe, sagte er.<\/p>\n<p>Die Mehrwertsteuersenkung f\u00fcr Schweinefleisch habe bereits sp\u00fcrbare Auswirkungen gehabt und die Mehrwertsteuer auf bestimmte Grundnahrungsmittel und das Internet werde im n\u00e4chsten Jahr gesenkt, sagte er und f\u00fcgte hinzu, dass f\u00fcr Letzteres eine Chance auf eine enge Zusammenarbeit mit der EU bestehe.<\/p>\n<p>Zum Thema des Modern Cities-Programms der Regierung zur Bereitstellung staatlicher Mittel f\u00fcr lokale Infrastrukturinvestitionen dementierte er Berichte, dass die Regierung eine K\u00fcrzung des Programms plane.<\/p>\n<p>Auf eine Frage zur Senkung der Versorgungsgeb\u00fchren antwortete L\u00e1z\u00e1r, dass immer noch die Chance bestehe, dass die Preise f\u00fcr Gas und Strom gesenkt w\u00fcrden, wenn die Organisation die Erl\u00f6se in gutem Tempo rationalisieren w\u00fcrde.<\/p>\n<p>L\u00e1z\u00e1r sagte, dass ein neues Gesetz \u00fcber \u00f6ffentliche Beschaffungen im Einklang mit EU-Richtlinien Aspekte wie Umwelt und Besch\u00e4ftigung ber\u00fccksichtige. Das niedrigste Angebot garantiere daher nicht, dass eine Investition die Ausschreibung gewinnen werde, sagte er und f\u00fcgte hinzu, dass das Gesetz nun umgesetzt werde und eine entsprechende \u00dcberpr\u00fcfung im Herbst durchgef\u00fchrt werde.<\/p>\n<p><strong>Regierung erstellt 10-Jahres-Programm<\/strong><\/p>\n<p>\u201eEs gibt gro\u00dfe Probleme, mit denen wir uns nach 2018 befassen m\u00fcssen\u201csagte L\u00e1z\u00e1r unter Berufung auf den Abschluss der letzten Finanzierungsperiode der Europ\u00e4ischen Union, die 2020 endet. \u201eDeshalb m\u00f6chte die Regierung ein Sozialprogramm f\u00fcr die Zeit nach der EU ank\u00fcndigen Parlamentswahlen 2018, sagte er.<\/p>\n<p>Unterdessen sagte L\u00e1z\u00e1r, das Kabinett habe den Kommissar des Premierministers f\u00fcr Roma-Angelegenheiten, Fl\u00f3ri\u00e1n Farkas, geh\u00f6rt und behalte das Vertrauen in seine Arbeit aufrecht. Eurostat-Zahlen zeigen, dass Ungarn seit 2010 seine Indikatoren f\u00fcr die Integration der Roma verbessert habe. Er sagte, Farkas werde am 24. August an einer Anh\u00f6rung des Betrugsamtes der Europ\u00e4ischen Union, OLAF, teilnehmen. L\u00e1z\u00e1r spekulierte, ob Farkas das gro\u00dfe Interesse der Presse wecken w\u00fcrde, wenn er kein Roma w\u00e4re.<\/p>\n<p>Zu einem anderen Thema sagte L\u00e1z\u00e1r, die Regierung plane, ein Lebenskarrieremodell f\u00fcr Krankenwagenpersonal auf den Weg zu bringen, nachdem die laufenden Konsultationen mit ihnen abgeschlossen seien. Das neue Programm werde 6.000-8.000 Menschen betreffen. Es werde zu erheblichen Verbesserungen bei den Rettungsdiensten kommen, beharrte er.<\/p>\n<p>Die L\u00f6hne werden im Gesundheitswesen weiter wachsen Jeder Facharzt und Apotheker erh\u00e4lt ab 1. September 1 07 000 Forint (344 EUR) h\u00f6heren monatlichen Bruttogrundlohn und ab 1. November 2017 weitere 100 000 Forint niedergelassene \u00c4rzte erhalten ab 1. November 2017 50 000 Forint mehr, sagte erEs werden rund 6 Milliarden Forint EU-Gelder f\u00fcr die Fertigstellung unvollendeter Entwicklungsprojekte in einem Dutzend Krankenh\u00e4usern ausgegeben, f\u00fcgte er hinzu.<\/p>\n<p>\u00dcber Ungarns Leistung bei den Olympischen Spielen in Rio lobte er alle teilnehmenden ungarischen Athleten und sagte, die Regierung werde die Bedingungen in jeder Sportart nach Rio 2016 bewerten und einen geeigneten Unterst\u00fctzungsmechanismus ausarbeiten. Er best\u00e4tigte, dass Orb\u00e1n als Leiter einer ungarischen Regierungsdelegation nach Rio gereist sei, die seiner Meinung nach wichtige Arbeit geleistet habe, um die Welt davon zu \u00fcberzeugen, dass Budapest der am besten geeignete Ort f\u00fcr die Ausrichtung der Olympischen Spiele 2024 sei, f\u00fcgte er hinzu.<\/p>\n<p>Auf eine Frage zu den Seuso-Sch\u00e4tzen antwortete er, Ungarn habe einige davon geborgen und die restlichen Sch\u00e4tze bef\u00e4nden sich immer noch im Vereinigten K\u00f6nigreich. Es laufen Gespr\u00e4che \u00fcber den Erwerb dieser St\u00fccke, sagte er.<\/p>\n<p><strong>Foto: MTI<\/strong><\/p>\n","protected":false},"excerpt":{"rendered":"<p>Budapest, 18. August (MTI) \u201eWenn die ungarischen W\u00e4hler \u201eBr\u00fcssel nicht aufhalten\u201cdann wird die Europ\u00e4ische Union Ungarn mit Leuten f\u00fcllen, die \u201enicht einer von uns\u201d sind, sagte J\u00e1nos L\u00e1z\u00e1r, Chef des strategischen Kabinetts, auf einer regelm\u00e4\u00dfigen Regierungsnachrichtenkonferenz am Donnerstag unter Bezugnahme auf das bevorstehende Referendum vom 2. Oktober. Die Regierung plant, die 270 Milliarden Forint (869 [&hellip;]<\/p>\n","protected":false},"author":2,"featured_media":755721,"comment_status":"open","ping_status":"open","sticky":false,"template":"","format":"standard","meta":{"_acf_changed":false,"_display_image":"","footnotes":""},"categories":[1081],"tags":[1082,1279,1445,3772,1104],"class_list":["post-755720","post","type-post","status-publish","format-standard","has-post-thumbnail","hentry","category-politik","tag-europaische-union","tag-korruption","tag-migration","tag-referendum-uber-migrantenquoten","tag-wirtschaft"],"blocksy_meta":[],"acf":[],"author_username":"alk","telegram_post":"","public_post_metadata":{"breaking_news":"","important":"","csempe":"","center_tile":"","disable_thumbnail":"","target_lang":"","_featured_image_style":"","telegram_post":"","_xlat_group_id":""},"public_rank_math_data":{"title":"%title% %sep% %sitename%","description":"","focus_keyword":"Ungarische Regierung","canonical_url":"","robots":"","primary_category":"1081","breadcrumb_title":"","facebook_title":"","facebook_description":"","facebook_image":"","facebook_image_id":"","twitter_title":"","twitter_description":"","twitter_image":"","twitter_image_id":"","twitter_card_type":"","twitter_use_facebook":"","advanced_robots":"","pillar_content":"","seo_score":"12","contentai_score":"","rich_snippet":""},"_links":{"self":[{"href":"https:\/\/dailynewshungary.com\/de\/wp-json\/wp\/v2\/posts\/755720","targetHints":{"allow":["GET"]}}],"collection":[{"href":"https:\/\/dailynewshungary.com\/de\/wp-json\/wp\/v2\/posts"}],"about":[{"href":"https:\/\/dailynewshungary.com\/de\/wp-json\/wp\/v2\/types\/post"}],"author":[{"embeddable":true,"href":"https:\/\/dailynewshungary.com\/de\/wp-json\/wp\/v2\/users\/2"}],"replies":[{"embeddable":true,"href":"https:\/\/dailynewshungary.com\/de\/wp-json\/wp\/v2\/comments?post=755720"}],"version-history":[{"count":0,"href":"https:\/\/dailynewshungary.com\/de\/wp-json\/wp\/v2\/posts\/755720\/revisions"}],"wp:featuredmedia":[{"embeddable":true,"href":"https:\/\/dailynewshungary.com\/de\/wp-json\/wp\/v2\/media\/755721"}],"wp:attachment":[{"href":"https:\/\/dailynewshungary.com\/de\/wp-json\/wp\/v2\/media?parent=755720"}],"wp:term":[{"taxonomy":"category","embeddable":true,"href":"https:\/\/dailynewshungary.com\/de\/wp-json\/wp\/v2\/categories?post=755720"},{"taxonomy":"post_tag","embeddable":true,"href":"https:\/\/dailynewshungary.com\/de\/wp-json\/wp\/v2\/tags?post=755720"}],"curies":[{"name":"wp","href":"https:\/\/api.w.org\/{rel}","templated":true}]}}