{"id":755724,"date":"2016-08-18T18:00:21","date_gmt":"2016-08-18T16:00:21","guid":{"rendered":"https:\/\/dailynewshungary.com\/de\/das-europaische-parlament-untersucht-den-fall-eines-ethnischen-ungarn-dem-die-slowakische-staatsburgerschaft-entzogen-wurde\/"},"modified":"2016-08-18T18:00:21","modified_gmt":"2016-08-18T16:00:21","slug":"das-europaische-parlament-untersucht-den-fall-eines-ethnischen-ungarn-dem-die-slowakische-staatsburgerschaft-entzogen-wurde","status":"publish","type":"post","link":"https:\/\/dailynewshungary.com\/de\/das-europaische-parlament-untersucht-den-fall-eines-ethnischen-ungarn-dem-die-slowakische-staatsburgerschaft-entzogen-wurde\/","title":{"rendered":"Das Europ\u00e4ische Parlament untersucht den Fall eines ethnischen Ungarn, dem die slowakische Staatsb\u00fcrgerschaft entzogen wurde"},"content":{"rendered":"<p><strong>Budapest, 18. August (MTI) \u2013 Das Europ\u00e4ische Parlament hat eine Untersuchung im Zusammenhang mit einer slowakischen Entscheidung eingeleitet, einer \u00e4lteren Frau ihre slowakische Staatsb\u00fcrgerschaft zu entziehen, mit der Begr\u00fcndung, sie habe sich als Ungarin eingeb\u00fcrgert, sagte der Vorsitzende der Zivilgruppe Human Dignity Council gegen\u00fcber MTI am Donnerstag.<\/strong><\/p>\n<p>Zolt\u00e1n Lomnici bemerkte, dass seine Gruppe vor einem Jahr ihre Beschwerde bez\u00fcglich des 104-j\u00e4hrigen Ilonka Tam\u00e1s und mehrerer anderer ethnischer Ungarn eingereicht hatte. Den Beschwerdef\u00fchrern wurde die slowakische Staatsb\u00fcrgerschaft entzogen, nachdem ihnen aufgrund eines 2010 in Budapest verabschiedeten Gesetzes die ungarische Staatsb\u00fcrgerschaft verliehen worden war.<\/p>\n<p style=\"text-align: center;\">[button link=\u201dhttps:\/\/dailynewshungary.com\/over-850000-people-granted-ungarian-citizenship-seit-2010\/\u201d color=\u201dlightblue\u201d newwindow=\u201d yes\u201d] Verwandter Artikel: \u00dcBER 850.000 PERSONEN HABEN SEIT 2010 DIE UNGARISCHE STAATSB\u00dcRGERSCHAFT VERLIEHEN [\/button]<\/p>\n<p>Tam\u00e1s wurde von den slowakischen Beh\u00f6rden \u201caller Rechte beraubt\u201d und ihr Name aus dem Einwohnerregister gel\u00f6scht, au\u00dferdem wurde ihr das Wahlrecht entzogen und ihr Personalausweis wurde ebenfalls entzogen.<\/p>\n<p>Laut Lomnici wurde inzwischen 1000 slowakischen Staatsangeh\u00f6rigen, darunter mehreren Dutzend ethnischen Ungarn, die slowakische Staatsb\u00fcrgerschaft nach dem Staatsb\u00fcrgerschaftsgesetz dieses Landes entzogen, das slowakische Gesetz, das zuletzt im Juni 2010 nach der Verabschiedung der ungarischen Gesetzgebung ge\u00e4ndert wurde, entzieht slowakischen Staatsangeh\u00f6rigen die Staatsb\u00fcrgerschaft, sobald sie die eines anderen Landes annehmen.<\/p>\n<p>Im Februar letzten Jahres legte Tam\u00e1s Berufung beim Europ\u00e4ischen Gerichtshof f\u00fcr Menschenrechte ein, nachdem das slowakische Verfassungsgericht ihre Berufung abgelehnt hatte.<\/p>\n<p style=\"text-align: center;\">[button link=\u201dhttps:\/\/dailynewshungary.com\/five-years-go-slovakian-brutal-cops-assaulted-ungarian-football-fans-in-dunaszerdahely-video\/\u201d color=\u201dblack\u201d newwindow=\u201dyes\u201d] VOR F\u00dcNF JAHREN SLOWAKISCHE BRUTALE COPS ATTACKED UNGARISCHE FUSSBALLFANS IN DUNASZERDAHELY VIDEO [\/button]<\/p>\n","protected":false},"excerpt":{"rendered":"<p>Budapest, 18. August (MTI) \u2013 Das Europ\u00e4ische Parlament hat eine Untersuchung im Zusammenhang mit einer slowakischen Entscheidung eingeleitet, einer \u00e4lteren Frau ihre slowakische Staatsb\u00fcrgerschaft zu entziehen, mit der Begr\u00fcndung, sie habe sich als Ungarin eingeb\u00fcrgert, sagte der Vorsitzende der Zivilgruppe Human Dignity Council gegen\u00fcber MTI am Donnerstag. Zolt\u00e1n Lomnici bemerkte, dass seine Gruppe vor einem [&hellip;]<\/p>\n","protected":false},"author":2,"featured_media":755725,"comment_status":"open","ping_status":"open","sticky":false,"template":"","format":"standard","meta":{"_acf_changed":false,"_display_image":"","footnotes":""},"categories":[1081],"tags":[1082,2097,1423,1267,1173,1149],"class_list":["post-755724","post","type-post","status-publish","format-standard","has-post-thumbnail","hentry","category-politik","tag-europaische-union","tag-europaischer-gerichtshof-fur-menschenrechte","tag-recht","tag-rechte","tag-slowakei","tag-staatsburgerschaft"],"blocksy_meta":[],"acf":[],"author_username":"alk","telegram_post":"","public_post_metadata":{"breaking_news":"","important":"","csempe":"","center_tile":"","disable_thumbnail":"","target_lang":"","_featured_image_style":"","telegram_post":"","_xlat_group_id":""},"public_rank_math_data":{"title":"%title% %sep% %sitename%","description":"","focus_keyword":"Staatsb\u00fcrgerschaft","canonical_url":"","robots":"","primary_category":"1081","breadcrumb_title":"","facebook_title":"","facebook_description":"","facebook_image":"","facebook_image_id":"","twitter_title":"","twitter_description":"","twitter_image":"","twitter_image_id":"","twitter_card_type":"","twitter_use_facebook":"","advanced_robots":"","pillar_content":"","seo_score":"50","contentai_score":"","rich_snippet":""},"_links":{"self":[{"href":"https:\/\/dailynewshungary.com\/de\/wp-json\/wp\/v2\/posts\/755724","targetHints":{"allow":["GET"]}}],"collection":[{"href":"https:\/\/dailynewshungary.com\/de\/wp-json\/wp\/v2\/posts"}],"about":[{"href":"https:\/\/dailynewshungary.com\/de\/wp-json\/wp\/v2\/types\/post"}],"author":[{"embeddable":true,"href":"https:\/\/dailynewshungary.com\/de\/wp-json\/wp\/v2\/users\/2"}],"replies":[{"embeddable":true,"href":"https:\/\/dailynewshungary.com\/de\/wp-json\/wp\/v2\/comments?post=755724"}],"version-history":[{"count":0,"href":"https:\/\/dailynewshungary.com\/de\/wp-json\/wp\/v2\/posts\/755724\/revisions"}],"wp:featuredmedia":[{"embeddable":true,"href":"https:\/\/dailynewshungary.com\/de\/wp-json\/wp\/v2\/media\/755725"}],"wp:attachment":[{"href":"https:\/\/dailynewshungary.com\/de\/wp-json\/wp\/v2\/media?parent=755724"}],"wp:term":[{"taxonomy":"category","embeddable":true,"href":"https:\/\/dailynewshungary.com\/de\/wp-json\/wp\/v2\/categories?post=755724"},{"taxonomy":"post_tag","embeddable":true,"href":"https:\/\/dailynewshungary.com\/de\/wp-json\/wp\/v2\/tags?post=755724"}],"curies":[{"name":"wp","href":"https:\/\/api.w.org\/{rel}","templated":true}]}}