{"id":755726,"date":"2016-08-18T17:13:47","date_gmt":"2016-08-18T15:13:47","guid":{"rendered":"https:\/\/dailynewshungary.com\/de\/fidesz-beweissoros-strebt-danach-europa-zu-destabilisieren\/"},"modified":"2016-08-18T17:13:47","modified_gmt":"2016-08-18T15:13:47","slug":"fidesz-beweissoros-strebt-danach-europa-zu-destabilisieren","status":"publish","type":"post","link":"https:\/\/dailynewshungary.com\/de\/fidesz-beweissoros-strebt-danach-europa-zu-destabilisieren\/","title":{"rendered":"Fidesz: Beweissoros strebt danach, Europa zu destabilisieren"},"content":{"rendered":"<p><strong>Budapest, 18. August (MTI) \u2013 Der Fraktionsvorsitzende der Regierungspartei Fidesz sagte, es gebe Beweise daf\u00fcr, dass der in Ungarn geborene amerikanische Finanzier George Soros Europa durch die F\u00f6rderung der Migration destabilisieren wolle.<\/strong><\/p>\n<p>Unter Bezugnahme auf ein neunseitiges internes Memo, das einer Soros-Stiftung zugeschrieben wird, sagte Lajos K\u00f3sa auf einer Pressekonferenz zu einem anderen Thema, dass Soros Europa wahrscheinlich destabilisieren wolle, weil es einfacher sei, seine \u201efinanziellen Machenschaften auf einem unruhigen Kontinent\u201cdurchzuf\u00fchren\u201d.<\/p>\n<p>Auf eine Frage antwortete er, es sei bekannt, dass eine zivile Organisation von Soros Migranten unterst\u00fctzt und vorgeschlagen habe, dass die europ\u00e4ischen Regierungen \u201eriesige Schulden\u201d aufbringen sollten, um \u201ejedem einzelnen Migranten in Europa jedes Jahr Millionen von Forint zu geben\u201c\u201d.<\/p>\n<p>K\u00f3sa sagte, Soros habe auch vorgeschlagen, die europ\u00e4ischen Mittel f\u00fcr Landwirtschaft und Entwicklung zu k\u00fcrzen, was \u201cbesonders tragisch f\u00fcr Ungarn\u201d w\u00e4re.<\/p>\n<p><em>Foto: MTI<\/em><\/p>\n","protected":false},"excerpt":{"rendered":"<p>Budapest, 18. August (MTI) \u2013 Der Fraktionsvorsitzende der Regierungspartei Fidesz sagte, es gebe Beweise daf\u00fcr, dass der in Ungarn geborene amerikanische Finanzier George Soros Europa durch die F\u00f6rderung der Migration destabilisieren wolle. Unter Bezugnahme auf ein neunseitiges internes Memo, das einer Soros-Stiftung zugeschrieben wird, sagte Lajos K\u00f3sa auf einer Pressekonferenz zu einem anderen Thema, dass [&hellip;]<\/p>\n","protected":false},"author":2,"featured_media":755727,"comment_status":"open","ping_status":"open","sticky":false,"template":"","format":"standard","meta":{"_acf_changed":false,"_display_image":"","footnotes":""},"categories":[1081],"tags":[1082,1091,1445,1157],"class_list":["post-755726","post","type-post","status-publish","format-standard","has-post-thumbnail","hentry","category-politik","tag-europaische-union","tag-fidesz","tag-migration","tag-vereinigte-staaten"],"blocksy_meta":[],"acf":[],"author_username":"alk","telegram_post":"","public_post_metadata":{"breaking_news":"","important":"","csempe":"","center_tile":"","disable_thumbnail":"","target_lang":"","_featured_image_style":"","telegram_post":"","_xlat_group_id":""},"public_rank_math_data":{"title":"%title% %sep% %sitename%","description":"","focus_keyword":"","canonical_url":"","robots":"","primary_category":"1081","breadcrumb_title":"","facebook_title":"","facebook_description":"","facebook_image":"","facebook_image_id":"","twitter_title":"","twitter_description":"","twitter_image":"","twitter_image_id":"","twitter_card_type":"","twitter_use_facebook":"","advanced_robots":"","pillar_content":"","seo_score":"","contentai_score":"","rich_snippet":""},"_links":{"self":[{"href":"https:\/\/dailynewshungary.com\/de\/wp-json\/wp\/v2\/posts\/755726","targetHints":{"allow":["GET"]}}],"collection":[{"href":"https:\/\/dailynewshungary.com\/de\/wp-json\/wp\/v2\/posts"}],"about":[{"href":"https:\/\/dailynewshungary.com\/de\/wp-json\/wp\/v2\/types\/post"}],"author":[{"embeddable":true,"href":"https:\/\/dailynewshungary.com\/de\/wp-json\/wp\/v2\/users\/2"}],"replies":[{"embeddable":true,"href":"https:\/\/dailynewshungary.com\/de\/wp-json\/wp\/v2\/comments?post=755726"}],"version-history":[{"count":0,"href":"https:\/\/dailynewshungary.com\/de\/wp-json\/wp\/v2\/posts\/755726\/revisions"}],"wp:featuredmedia":[{"embeddable":true,"href":"https:\/\/dailynewshungary.com\/de\/wp-json\/wp\/v2\/media\/755727"}],"wp:attachment":[{"href":"https:\/\/dailynewshungary.com\/de\/wp-json\/wp\/v2\/media?parent=755726"}],"wp:term":[{"taxonomy":"category","embeddable":true,"href":"https:\/\/dailynewshungary.com\/de\/wp-json\/wp\/v2\/categories?post=755726"},{"taxonomy":"post_tag","embeddable":true,"href":"https:\/\/dailynewshungary.com\/de\/wp-json\/wp\/v2\/tags?post=755726"}],"curies":[{"name":"wp","href":"https:\/\/api.w.org\/{rel}","templated":true}]}}