{"id":755738,"date":"2016-08-18T11:05:16","date_gmt":"2016-08-18T09:05:16","guid":{"rendered":"https:\/\/dailynewshungary.com\/de\/ungarns-hausredner-quotenreferendum-zur-ermutigung-anderer-lander\/"},"modified":"2016-08-18T11:05:16","modified_gmt":"2016-08-18T09:05:16","slug":"ungarns-hausredner-quotenreferendum-zur-ermutigung-anderer-lander","status":"publish","type":"post","link":"https:\/\/dailynewshungary.com\/de\/ungarns-hausredner-quotenreferendum-zur-ermutigung-anderer-lander\/","title":{"rendered":"Ungarns Hausredner: Quotenreferendum zur Ermutigung anderer L\u00e4nder"},"content":{"rendered":"<p><strong>Budapest, 18. August (MTI) \u2013 Ungarns bevorstehendes Referendum \u00fcber die Migrantenquoten k\u00f6nnte andere L\u00e4nder mit einer \u00e4hnlichen au\u00dfenpolitischen Position ermutigen, sagte der Sprecher des Repr\u00e4sentantenhauses, L\u00e1szl\u00f3 K\u00f6v\u00e9r, in einem Interview, das am Donnerstag im w\u00f6chentlichen Heti V\u00e1lasz ver\u00f6ffentlicht wurde.<\/strong><\/p>\n<p>Zum Ausgang des Referendums sagte K\u00f6v\u00e9r, \u201ces w\u00e4re schwer vorstellbar, dass die Europ\u00e4ische Union im politischen Sinne die Meinung der W\u00e4hler eines Mitgliedslandes vernachl\u00e4ssigen sollte\u201d<\/p>\n<p>Mit Bezug auf Vorw\u00fcrfe, dass das Quotenreferendum Ungarn in der Tat den Weg zum EU-Austritt ebne, sagte K\u00f6v\u00e9r, dass die EU \u201cdie Mitgliedschaft trotz aller Vorbehalte in den grundlegenden Interessen Ungarns liege\u201d Er f\u00fcgte jedoch hinzu, dass er \u201cnicht m\u00f6chte\u201d, dass die Gemeinschaft zu \u201ceinem Reich heranw\u00e4chst, das die nationale Stimmung unterdr\u00fcckt\u201d.<\/p>\n<p>K\u00f6v\u00e9r warb auch f\u00fcr seine Fidesz-Partei, und sagte, es sei die \u201cbeste politische Option\u201d Er argumentierte, dass die Regierungspartei \u201cnicht nur eine Vision f\u00fcr die Zukunft Ungarns habe, sondern auch Herausforderungen erfolgreich bew\u00e4ltigen k\u00f6nne\u201d Die Opposition hingegen \u201chat keine Werte oder Mission au\u00dfer dem m\u00e4chtigen Wunsch, die Macht zu gewinnen\u201d.<\/p>\n<p style=\"text-align: center;\">[button link=\u201dhttps:\/\/dailynewshungary.com\/tag\/referendum-on-migrant-quotas\/\u201d type=\u201dbig\u201d color=\u201dred\u201d newwindow=\u201dyes\u201d] Alle News about <strong>REFERENDUM \u00dcBER MIGRANTENQUOTEN<\/strong>[\/knopf]<\/p>\n<p>Im Zusammenhang mit kritischen Bemerkungen zum Verm\u00f6gen einiger Minister sagte K\u00f6v\u00e9r, dass \u201csie m\u00f6glicherweise nicht auf eine zunehmende Anschlagsbelastung vorbereitet waren, da sie wohlhabender werden; unabh\u00e4ngig davon, ob diese Verm\u00f6genswerte rechtm\u00e4\u00dfig erworben wurden oder nicht\u201d.<\/p>\n<p><em>Foto: MTI<\/em><\/p>\n","protected":false},"excerpt":{"rendered":"<p>Budapest, 18. August (MTI) \u2013 Ungarns bevorstehendes Referendum \u00fcber die Migrantenquoten k\u00f6nnte andere L\u00e4nder mit einer \u00e4hnlichen au\u00dfenpolitischen Position ermutigen, sagte der Sprecher des Repr\u00e4sentantenhauses, L\u00e1szl\u00f3 K\u00f6v\u00e9r, in einem Interview, das am Donnerstag im w\u00f6chentlichen Heti V\u00e1lasz ver\u00f6ffentlicht wurde. Zum Ausgang des Referendums sagte K\u00f6v\u00e9r, \u201ces w\u00e4re schwer vorstellbar, dass die Europ\u00e4ische Union im politischen [&hellip;]<\/p>\n","protected":false},"author":2,"featured_media":755739,"comment_status":"open","ping_status":"open","sticky":false,"template":"","format":"standard","meta":{"_acf_changed":false,"_display_image":"","footnotes":""},"categories":[1081],"tags":[1082,1091,1445,3772,1722],"class_list":["post-755738","post","type-post","status-publish","format-standard","has-post-thumbnail","hentry","category-politik","tag-europaische-union","tag-fidesz","tag-migration","tag-referendum-uber-migrantenquoten","tag-sprecher-des-reprasentantenhauses"],"blocksy_meta":[],"acf":[],"author_username":"alk","telegram_post":"","public_post_metadata":{"breaking_news":"","important":"","csempe":"","center_tile":"","disable_thumbnail":"","target_lang":"","_featured_image_style":"","telegram_post":"","_xlat_group_id":""},"public_rank_math_data":{"title":"%title% %sep% %sitename%","description":"","focus_keyword":"Migrantenreferendum","canonical_url":"","robots":"","primary_category":"1081","breadcrumb_title":"","facebook_title":"","facebook_description":"","facebook_image":"","facebook_image_id":"","twitter_title":"","twitter_description":"","twitter_image":"","twitter_image_id":"","twitter_card_type":"","twitter_use_facebook":"","advanced_robots":"","pillar_content":"","seo_score":"2","contentai_score":"","rich_snippet":""},"_links":{"self":[{"href":"https:\/\/dailynewshungary.com\/de\/wp-json\/wp\/v2\/posts\/755738","targetHints":{"allow":["GET"]}}],"collection":[{"href":"https:\/\/dailynewshungary.com\/de\/wp-json\/wp\/v2\/posts"}],"about":[{"href":"https:\/\/dailynewshungary.com\/de\/wp-json\/wp\/v2\/types\/post"}],"author":[{"embeddable":true,"href":"https:\/\/dailynewshungary.com\/de\/wp-json\/wp\/v2\/users\/2"}],"replies":[{"embeddable":true,"href":"https:\/\/dailynewshungary.com\/de\/wp-json\/wp\/v2\/comments?post=755738"}],"version-history":[{"count":0,"href":"https:\/\/dailynewshungary.com\/de\/wp-json\/wp\/v2\/posts\/755738\/revisions"}],"wp:featuredmedia":[{"embeddable":true,"href":"https:\/\/dailynewshungary.com\/de\/wp-json\/wp\/v2\/media\/755739"}],"wp:attachment":[{"href":"https:\/\/dailynewshungary.com\/de\/wp-json\/wp\/v2\/media?parent=755738"}],"wp:term":[{"taxonomy":"category","embeddable":true,"href":"https:\/\/dailynewshungary.com\/de\/wp-json\/wp\/v2\/categories?post=755738"},{"taxonomy":"post_tag","embeddable":true,"href":"https:\/\/dailynewshungary.com\/de\/wp-json\/wp\/v2\/tags?post=755738"}],"curies":[{"name":"wp","href":"https:\/\/api.w.org\/{rel}","templated":true}]}}