{"id":755758,"date":"2016-08-17T14:30:38","date_gmt":"2016-08-17T12:30:38","guid":{"rendered":"https:\/\/dailynewshungary.com\/de\/gewerkschaft-der-beschaftigten-im-offentlichen-dienst-kundigt-ganztagigen-streik-an\/"},"modified":"2016-08-17T14:30:38","modified_gmt":"2016-08-17T12:30:38","slug":"gewerkschaft-der-beschaftigten-im-offentlichen-dienst-kundigt-ganztagigen-streik-an","status":"publish","type":"post","link":"https:\/\/dailynewshungary.com\/de\/gewerkschaft-der-beschaftigten-im-offentlichen-dienst-kundigt-ganztagigen-streik-an\/","title":{"rendered":"Gewerkschaft der Besch\u00e4ftigten im \u00f6ffentlichen Dienst k\u00fcndigt ganzt\u00e4gigen Streik an"},"content":{"rendered":"<p><strong>Budapest, 17. August (MTI) \u2013 Die Gewerkschaft der Besch\u00e4ftigten im \u00f6ffentlichen Dienst MKKSZ k\u00fcndigte einen ganzt\u00e4gigen Streik f\u00fcr den 14. September an, sagte der Pr\u00e4sident der Gewerkschaft am Mittwoch.<\/strong><\/p>\n<p>Die Gewerkschaft fordert mit Wirkung zum Oktober 2016 eine Brutto-Lohnerh\u00f6hung von 30 Prozent f\u00fcr Gemeinderatsmitarbeiter, am 22. Juni wurde ein Warnstreik abgehalten, um die Tatsache hervorzuheben, dass von 37.000 Gemeinderatsmitarbeitern mehr als 24.000 seit acht Jahren keine Gehaltserh\u00f6hung erhalten haben, sagte P\u00e9tern\u00e9 Boros auf einer Pressekonferenz. Etwa 15 Prozent der Arbeitnehmer beteiligten sich im Juni an dem zweist\u00fcndigen Warnstreik, sagte sie.<\/p>\n<p style=\"text-align: center;\">[button link=\u201dhttps:\/\/dailynewshungary.com\/local-council-employees-to-call-day-long-strike-in-september\/\u201d type=\u201dbig\u201d color=\u201d red\u201d newwindow=\u201dyes\u201d] Verwandter Artikel: GEMEINDERATSANGESTELLTE RUFEN TAG-LANG STREIK IM SEPTEMBER [\/button]<\/p>\n<p>Nach Angaben der Gewerkschaft erhalten Gemeinderatsmitarbeiter au\u00dferhalb Budapests etwa das gleiche Monatsgehalt wie Pflegekr\u00e4fte im \u00f6ffentlichen Dienst, n\u00e4mlich 52.000 Forint netto (170 EUR).<\/p>\n","protected":false},"excerpt":{"rendered":"<p>Budapest, 17. August (MTI) \u2013 Die Gewerkschaft der Besch\u00e4ftigten im \u00f6ffentlichen Dienst MKKSZ k\u00fcndigte einen ganzt\u00e4gigen Streik f\u00fcr den 14. September an, sagte der Pr\u00e4sident der Gewerkschaft am Mittwoch. Die Gewerkschaft fordert mit Wirkung zum Oktober 2016 eine Brutto-Lohnerh\u00f6hung von 30 Prozent f\u00fcr Gemeinderatsmitarbeiter, am 22. Juni wurde ein Warnstreik abgehalten, um die Tatsache hervorzuheben, [&hellip;]<\/p>\n","protected":false},"author":2,"featured_media":755759,"comment_status":"open","ping_status":"open","sticky":false,"template":"","format":"standard","meta":{"_acf_changed":false,"_display_image":"","footnotes":""},"categories":[1281],"tags":[1096,1266,1657,1104],"class_list":["post-755758","post","type-post","status-publish","format-standard","has-post-thumbnail","hentry","category-geschaft","tag-arbeitsmarkt","tag-demonstration","tag-streik","tag-wirtschaft"],"blocksy_meta":[],"acf":[],"author_username":"alk","telegram_post":"","public_post_metadata":{"breaking_news":"","important":"","csempe":"","center_tile":"","disable_thumbnail":"","target_lang":"","_featured_image_style":"","telegram_post":"","_xlat_group_id":""},"public_rank_math_data":{"title":"%title% %sep% %sitename%","description":"","focus_keyword":"Streik","canonical_url":"","robots":"","primary_category":"1281","breadcrumb_title":"","facebook_title":"","facebook_description":"","facebook_image":"","facebook_image_id":"","twitter_title":"","twitter_description":"","twitter_image":"","twitter_image_id":"","twitter_card_type":"","twitter_use_facebook":"","advanced_robots":"","pillar_content":"","seo_score":"51","contentai_score":"","rich_snippet":""},"_links":{"self":[{"href":"https:\/\/dailynewshungary.com\/de\/wp-json\/wp\/v2\/posts\/755758","targetHints":{"allow":["GET"]}}],"collection":[{"href":"https:\/\/dailynewshungary.com\/de\/wp-json\/wp\/v2\/posts"}],"about":[{"href":"https:\/\/dailynewshungary.com\/de\/wp-json\/wp\/v2\/types\/post"}],"author":[{"embeddable":true,"href":"https:\/\/dailynewshungary.com\/de\/wp-json\/wp\/v2\/users\/2"}],"replies":[{"embeddable":true,"href":"https:\/\/dailynewshungary.com\/de\/wp-json\/wp\/v2\/comments?post=755758"}],"version-history":[{"count":0,"href":"https:\/\/dailynewshungary.com\/de\/wp-json\/wp\/v2\/posts\/755758\/revisions"}],"wp:featuredmedia":[{"embeddable":true,"href":"https:\/\/dailynewshungary.com\/de\/wp-json\/wp\/v2\/media\/755759"}],"wp:attachment":[{"href":"https:\/\/dailynewshungary.com\/de\/wp-json\/wp\/v2\/media?parent=755758"}],"wp:term":[{"taxonomy":"category","embeddable":true,"href":"https:\/\/dailynewshungary.com\/de\/wp-json\/wp\/v2\/categories?post=755758"},{"taxonomy":"post_tag","embeddable":true,"href":"https:\/\/dailynewshungary.com\/de\/wp-json\/wp\/v2\/tags?post=755758"}],"curies":[{"name":"wp","href":"https:\/\/api.w.org\/{rel}","templated":true}]}}