{"id":755772,"date":"2016-08-17T06:30:03","date_gmt":"2016-08-17T04:30:03","guid":{"rendered":"https:\/\/dailynewshungary.com\/de\/referendum-identitat-im-mittelpunkt-des-referendums-sagt-der-stellvertretende-vorsitzende-von-fidesz\/"},"modified":"2016-08-17T06:30:03","modified_gmt":"2016-08-17T04:30:03","slug":"referendum-identitat-im-mittelpunkt-des-referendums-sagt-der-stellvertretende-vorsitzende-von-fidesz","status":"publish","type":"post","link":"https:\/\/dailynewshungary.com\/de\/referendum-identitat-im-mittelpunkt-des-referendums-sagt-der-stellvertretende-vorsitzende-von-fidesz\/","title":{"rendered":"Referendum \u2013 Identit\u00e4t im Mittelpunkt des Referendums, sagt der stellvertretende Vorsitzende von Fidesz"},"content":{"rendered":"<p><strong>Budapest, 16. August (MTI) \u2013 Identit\u00e4t und \u00dcberleben sind Kernthemen, um die es beim Referendum \u00fcber das Migrantenquotensystem der Europ\u00e4ischen Union am 2. Oktober geht, wobei die Auswirkungen der Entscheidung m\u00f6glicherweise Jahrzehnte oder sogar Jahrhunderte anhalten werden, sagte ein hochrangiger Fidesz-Parteibeamter sagte am Dienstag.<\/strong><\/p>\n<p>Ungarn sollten \u201cNein\u201d zum Vorschlag der Europ\u00e4ischen Kommission sagen \u201cund vor allem zu einem geplanten Vorschlag, der alle Hindernisse f\u00fcr illegale Migration vollst\u00e4ndig beseitigt, gleichbedeutend mit einem Einladungsschreiben\u201d, sagte Gergely Guly\u00e1s, stellvertretender Vorsitzender der Regierungspartei, dem kommerziellen Sender InfoRadio.<\/p>\n<p>Im Referendum werden die W\u00e4hler gefragt: \u201cWollen Sie zulassen, dass die Europ\u00e4ische Union die Umsiedlung nichtungarischer B\u00fcrger nach Ungarn ohne Zustimmung des Parlaments vorschreibt?\u201d<\/p>\n<p>Er sagte, das Vers\u00e4umnis des linken Fl\u00fcgels, ein Referendum \u00fcber Themen zu unterst\u00fctzen, die f\u00fcr das Schicksal der Nation wichtig seien, sei \u201cbedauerlich\u201d.<\/p>\n<p>\u201cIch glaube, dass alle politischen Kr\u00e4fte, die sich f\u00fcr das Schicksal des Landes verantwortlich f\u00fchlen, alle dazu ermutigen sollten, zur Wahl zu gehen, denn das ist keine Frage der Parteipolitik, sondern tats\u00e4chlich eine Frage von nationaler Bedeutung, in der wir alle unsere Kr\u00e4fte b\u00fcndeln und zu einer Wahl kommen k\u00f6nnten\u201d, sagte er.<\/p>\n<p style=\"text-align: center;\">[button link=\u201dhttps:\/\/dailynewshungary.com\/tag\/referendum-on-migrant-quotas\/\u201d newwindow=\u201dyes\u201d] Alle News lesen \u00fcber <strong>REFERENDUM \u00dcBER MIGRANTENQUOTEN<\/strong>[\/knopf]<\/p>\n<p>\u201cEs hat Fortschritte in der linken Politik gegeben\u201d in Bezug auf ethnische Ungarn jenseits der Grenzen, f\u00fcgte er hinzu.<\/p>\n<p>Wenn das Referendum g\u00fcltig und erfolgreich sei, werde es der Regierung ein starkes Mandat in den Gespr\u00e4chen mit Br\u00fcssel geben, f\u00fcgte er hinzu.<\/p>\n<p>Das Ergebnis an sich k\u00f6nnte die Europ\u00e4ische Kommission dazu bewegen, sich mit der Vorlage eines Vorschlags zur\u00fcckzuhalten, der die Staaten dazu zwingen w\u00fcrde, Migranten gegen ihren Willen aufzunehmen und erst sp\u00e4ter zu entscheiden, ob diese Migranten ein Recht auf Asyl haben Alternativ k\u00f6nnten die Staats &#8211; und Regierungschefs angesichts des Referendums die Annahme eines solchen Vorschlags verweigern, sollte er vorgelegt werden, f\u00fcgte er hinzu.<\/p>\n<p>Der Premierminister und der Au\u00dfenminister im Einvernehmen mit den Mitgliedern von <a href=\"https:\/\/dailynewshungary.com\/de\/der-grose-britische-zuguberfall-wie-eine-15-kopfige-bande-1963-26-millionen-pfund-stahl\/\" target=\"_blank\">der Visegrad Gruppe<\/a>\u201esich zu dieser Angelegenheit klar ge\u00e4u\u00dfert haben, aber nach der Volksabstimmung \u201ewerden dieselben Stimmen viel mehr Gewicht haben\u201csagte er. \u201eDie Kommission ist m\u00f6glicherweise nicht gesetzlich verpflichtet, das Ergebnis der ungarischen Abstimmung zu akzeptieren, aber sie st\u00fcnde unter starkem politischen Druck, dies zu tun, sagte Guly\u00e1s.<\/p>\n<p>Ergebnisse auf der europ\u00e4ischen B\u00fchne k\u00f6nnen nur mit einem gemeinsamen Ziel erzielt werden, und die V4-Staaten genie\u00dfen weitgehend die gleiche Art von B\u00fcndnis wie die Benelux-Staaten, und sie sollten einen \u00e4hnlichen parlamentarischen Block bilden, sagte er und f\u00fcgte hinzu, dass Ende August Es wird einen entsprechenden Gipfel geben, nach dem ein formeller Rahmen geschaffen werden kann.<\/p>\n","protected":false},"excerpt":{"rendered":"<p>Budapest, 16. August (MTI) \u2013 Identit\u00e4t und \u00dcberleben sind Kernthemen, um die es beim Referendum \u00fcber das Migrantenquotensystem der Europ\u00e4ischen Union am 2. Oktober geht, wobei die Auswirkungen der Entscheidung m\u00f6glicherweise Jahrzehnte oder sogar Jahrhunderte anhalten werden, sagte ein hochrangiger Fidesz-Parteibeamter sagte am Dienstag. Ungarn sollten \u201cNein\u201d zum Vorschlag der Europ\u00e4ischen Kommission sagen \u201cund vor [&hellip;]<\/p>\n","protected":false},"author":2,"featured_media":755773,"comment_status":"open","ping_status":"open","sticky":false,"template":"","format":"standard","meta":{"_acf_changed":false,"_display_image":"","footnotes":""},"categories":[1081],"tags":[1082,1445,3772,1923],"class_list":["post-755772","post","type-post","status-publish","format-standard","has-post-thumbnail","hentry","category-politik","tag-europaische-union","tag-migration","tag-referendum-uber-migrantenquoten","tag-visegrad-vier"],"blocksy_meta":[],"acf":[],"author_username":"alk","telegram_post":"","public_post_metadata":{"breaking_news":"","important":"","csempe":"","center_tile":"","disable_thumbnail":"","target_lang":"","_featured_image_style":"","telegram_post":"","_xlat_group_id":""},"public_rank_math_data":{"title":"%title% %sep% %sitename%","description":"","focus_keyword":"Referendum","canonical_url":"","robots":"","primary_category":"1081","breadcrumb_title":"","facebook_title":"","facebook_description":"","facebook_image":"","facebook_image_id":"","twitter_title":"","twitter_description":"","twitter_image":"","twitter_image_id":"","twitter_card_type":"","twitter_use_facebook":"","advanced_robots":"","pillar_content":"","seo_score":"61","contentai_score":"","rich_snippet":""},"_links":{"self":[{"href":"https:\/\/dailynewshungary.com\/de\/wp-json\/wp\/v2\/posts\/755772","targetHints":{"allow":["GET"]}}],"collection":[{"href":"https:\/\/dailynewshungary.com\/de\/wp-json\/wp\/v2\/posts"}],"about":[{"href":"https:\/\/dailynewshungary.com\/de\/wp-json\/wp\/v2\/types\/post"}],"author":[{"embeddable":true,"href":"https:\/\/dailynewshungary.com\/de\/wp-json\/wp\/v2\/users\/2"}],"replies":[{"embeddable":true,"href":"https:\/\/dailynewshungary.com\/de\/wp-json\/wp\/v2\/comments?post=755772"}],"version-history":[{"count":0,"href":"https:\/\/dailynewshungary.com\/de\/wp-json\/wp\/v2\/posts\/755772\/revisions"}],"wp:featuredmedia":[{"embeddable":true,"href":"https:\/\/dailynewshungary.com\/de\/wp-json\/wp\/v2\/media\/755773"}],"wp:attachment":[{"href":"https:\/\/dailynewshungary.com\/de\/wp-json\/wp\/v2\/media?parent=755772"}],"wp:term":[{"taxonomy":"category","embeddable":true,"href":"https:\/\/dailynewshungary.com\/de\/wp-json\/wp\/v2\/categories?post=755772"},{"taxonomy":"post_tag","embeddable":true,"href":"https:\/\/dailynewshungary.com\/de\/wp-json\/wp\/v2\/tags?post=755772"}],"curies":[{"name":"wp","href":"https:\/\/api.w.org\/{rel}","templated":true}]}}