{"id":755810,"date":"2016-08-15T15:10:21","date_gmt":"2016-08-15T13:10:21","guid":{"rendered":"https:\/\/dailynewshungary.com\/de\/langwieriger-migrationsprozess\/"},"modified":"2016-08-15T15:10:21","modified_gmt":"2016-08-15T13:10:21","slug":"langwieriger-migrationsprozess","status":"publish","type":"post","link":"https:\/\/dailynewshungary.com\/de\/langwieriger-migrationsprozess\/","title":{"rendered":"Langwieriger Migrationsprozess"},"content":{"rendered":"<p><strong>Am Montag erkl\u00e4rte Gy\u00f6rgy Bakondi, Chef-Sicherheitsberater des Premierministers, dem \u00f6ffentlich-rechtlichen Fernsehsender M1, dass eine Reihe von Anzeichen auf einen langwierigen Migrationsprozess hindeuten.<\/strong><\/p>\n<p>Bakondi sagte, obwohl das Abkommen zwischen der T\u00fcrkei und der EU noch in Kraft sei, habe sich die Zahl der Migranten auf den Inseln Griechenlands verdoppelt, Grund daf\u00fcr sei, dass die Abschiebungen seit dem Putschversuch in der T\u00fcrkei auf Eis gelegt worden seien, und verschiedenen politischen Aussagen zufolge werde das Abkommen ausgesetzt, wenn die EU den T\u00fcrken keine visumfreie Reise gew\u00e4hre.<\/p>\n<p>Folglich w\u00fcrden Migranten von Inseln an Land transportiert, von wo aus sie in Richtung Europas Herz aufbrachen, und so den Druck auf die Grenzen Ungarns erh\u00f6hen, erkl\u00e4rte BakondiEr f\u00fcgte au\u00dferdem hinzu, dass die ungarische Regierung aufgrund dieser Umst\u00e4nde beschlossen habe, die Zahl der an den Grenzen Ungarns diensthabenden Polizisten um 3.000 Personen zu erh\u00f6hen.<\/p>\n<p style=\"text-align: center;\">[button link=\u201dhttps:\/\/dailynewshungary.com\/tag\/immigration\/\u201d type=\u201dbig\u201d color=\u201dteal\u201d newwindow=\u201d yes\u201d] Mehr News zu IMMIGRATION [\/button] erhalten<\/p>\n<p>In einem Interview mit dem \u00f6ffentlich-rechtlichen Sender Kossuth R\u00e1di\u00f3 sagte Bakondi, dass bisher, im Jahr 2016, 18.000 Menschen versucht h\u00e4tten, die ungarisch-serbische Grenze illegal zu \u00fcberqueren, und dass derzeit 2.200 Menschen in den Transitzonen warten Daher vertritt Ungarn den Standpunkt, dass illegale Migration gestoppt und nicht nur gestoppt werden muss, f\u00fcgte er hinzu Er \u00e4u\u00dferte auch seine Hoffnung, dass die Visegr\u00e1d-L\u00e4nder auf der n\u00e4chsten Sitzung des Europ\u00e4ischen Rates einen gemeinsamen, harmonisierten Vorschlag zu diesem Thema vorlegen werden.<\/p>\n","protected":false},"excerpt":{"rendered":"<p>Am Montag erkl\u00e4rte Gy\u00f6rgy Bakondi, Chef-Sicherheitsberater des Premierministers, dem \u00f6ffentlich-rechtlichen Fernsehsender M1, dass eine Reihe von Anzeichen auf einen langwierigen Migrationsprozess hindeuten. Bakondi sagte, obwohl das Abkommen zwischen der T\u00fcrkei und der EU noch in Kraft sei, habe sich die Zahl der Migranten auf den Inseln Griechenlands verdoppelt, Grund daf\u00fcr sei, dass die Abschiebungen seit [&hellip;]<\/p>\n","protected":false},"author":2,"featured_media":755811,"comment_status":"open","ping_status":"open","sticky":false,"template":"","format":"standard","meta":{"_acf_changed":false,"_display_image":"","footnotes":""},"categories":[1081],"tags":[1082,1445,1236,1299],"class_list":["post-755810","post","type-post","status-publish","format-standard","has-post-thumbnail","hentry","category-politik","tag-europaische-union","tag-migration","tag-polizei","tag-schengen"],"blocksy_meta":[],"acf":[],"author_username":"alk","telegram_post":"","public_post_metadata":{"breaking_news":"","important":"","csempe":"","center_tile":"","disable_thumbnail":"","target_lang":"","_featured_image_style":"","telegram_post":"","_xlat_group_id":""},"public_rank_math_data":{"title":"%title% %sep% %sitename%","description":"","focus_keyword":"","canonical_url":"","robots":"","primary_category":"1081","breadcrumb_title":"","facebook_title":"","facebook_description":"","facebook_image":"","facebook_image_id":"","twitter_title":"","twitter_description":"","twitter_image":"","twitter_image_id":"","twitter_card_type":"","twitter_use_facebook":"","advanced_robots":"","pillar_content":"","seo_score":"","contentai_score":"","rich_snippet":""},"_links":{"self":[{"href":"https:\/\/dailynewshungary.com\/de\/wp-json\/wp\/v2\/posts\/755810","targetHints":{"allow":["GET"]}}],"collection":[{"href":"https:\/\/dailynewshungary.com\/de\/wp-json\/wp\/v2\/posts"}],"about":[{"href":"https:\/\/dailynewshungary.com\/de\/wp-json\/wp\/v2\/types\/post"}],"author":[{"embeddable":true,"href":"https:\/\/dailynewshungary.com\/de\/wp-json\/wp\/v2\/users\/2"}],"replies":[{"embeddable":true,"href":"https:\/\/dailynewshungary.com\/de\/wp-json\/wp\/v2\/comments?post=755810"}],"version-history":[{"count":0,"href":"https:\/\/dailynewshungary.com\/de\/wp-json\/wp\/v2\/posts\/755810\/revisions"}],"wp:featuredmedia":[{"embeddable":true,"href":"https:\/\/dailynewshungary.com\/de\/wp-json\/wp\/v2\/media\/755811"}],"wp:attachment":[{"href":"https:\/\/dailynewshungary.com\/de\/wp-json\/wp\/v2\/media?parent=755810"}],"wp:term":[{"taxonomy":"category","embeddable":true,"href":"https:\/\/dailynewshungary.com\/de\/wp-json\/wp\/v2\/categories?post=755810"},{"taxonomy":"post_tag","embeddable":true,"href":"https:\/\/dailynewshungary.com\/de\/wp-json\/wp\/v2\/tags?post=755810"}],"curies":[{"name":"wp","href":"https:\/\/api.w.org\/{rel}","templated":true}]}}