{"id":755836,"date":"2016-08-14T13:00:20","date_gmt":"2016-08-14T11:00:20","guid":{"rendered":"https:\/\/dailynewshungary.com\/de\/die-kampagne-fur-quotenreferenden-beginnt-in-ungarn\/"},"modified":"2016-08-14T13:00:20","modified_gmt":"2016-08-14T11:00:20","slug":"die-kampagne-fur-quotenreferenden-beginnt-in-ungarn","status":"publish","type":"post","link":"https:\/\/dailynewshungary.com\/de\/die-kampagne-fur-quotenreferenden-beginnt-in-ungarn\/","title":{"rendered":"Die Kampagne f\u00fcr Quotenreferenden beginnt in Ungarn"},"content":{"rendered":"<p><strong>Budapest (MTI) \u2013 Die Kampagne vor dem Referendum der Regierung \u00fcber das Migrantenquotensystem der Europ\u00e4ischen Union, das f\u00fcr den 2. Oktober geplant ist, begann offiziell am Samstag.<\/strong><\/p>\n<p>Nach dem ungarischen Wahlgesetz beginnt der Wahlkampf 50 Tage vor der eigentlichen Abstimmung und endet mit den Wahlen am Tag des Referendums.<\/p>\n<p>Im Wahlkampfzeitraum k\u00f6nnen alle politischen Parteien mit Fraktion ohne besondere Genehmigung Plakate aush\u00e4ngen, Flugbl\u00e4tter oder andere Informationen verteilen, jedoch ist die Quelle der Informationen anzugeben, das Anbringen von Plakaten an Geb\u00e4uden bedarf hingegen der Erlaubnis des Eigent\u00fcmers, und es d\u00fcrfen keine Plakate an oder im Inneren von Geb\u00e4uden staatlicher oder kommunaler Beh\u00f6rden angebracht werden Plakate d\u00fcrfen nicht \u00fcber Plakate anderer Parteien oder die der Regierung gelegt werden.<\/p>\n<p>Nach den j\u00fcngsten \u00c4nderungen des Wahlgesetzes gibt es kein Wahlkampfschweigen, am Tag der Abstimmung ist jedoch kein Wahlkampf im Umkreis von 150 Metern um die Wahllokale gestattet.<\/p>\n<p>Im Referendum werden Ungarns W\u00e4hler gefragt:<\/p>\n<blockquote>\n<p>\u201cWollen Sie zulassen, dass die Europ\u00e4ische Union die Umsiedlung nichtungarischer Staatsb\u00fcrger nach Ungarn ohne Zustimmung des Parlaments vorschreibt?\u201d<\/p>\n<\/blockquote>\n<p>Der Plan des Referendums wurde am 24. Februar vom Premierminister bekanntgegeben, als Begr\u00fcndung gab die Regierung an, dass \u201cnur Ungarn statt Br\u00fcssel entscheiden k\u00f6nnen, mit wem sie im eigenen Land zusammenleben wollen\u201d.<\/p>\n","protected":false},"excerpt":{"rendered":"<p>Budapest (MTI) \u2013 Die Kampagne vor dem Referendum der Regierung \u00fcber das Migrantenquotensystem der Europ\u00e4ischen Union, das f\u00fcr den 2. Oktober geplant ist, begann offiziell am Samstag. Nach dem ungarischen Wahlgesetz beginnt der Wahlkampf 50 Tage vor der eigentlichen Abstimmung und endet mit den Wahlen am Tag des Referendums. Im Wahlkampfzeitraum k\u00f6nnen alle politischen Parteien [&hellip;]<\/p>\n","protected":false},"author":2,"featured_media":755837,"comment_status":"open","ping_status":"open","sticky":false,"template":"","format":"standard","meta":{"_acf_changed":false,"_display_image":"","footnotes":""},"categories":[1081],"tags":[1082,1445,3772,1447],"class_list":["post-755836","post","type-post","status-publish","format-standard","has-post-thumbnail","hentry","category-politik","tag-europaische-union","tag-migration","tag-referendum-uber-migrantenquoten","tag-wahl"],"blocksy_meta":[],"acf":[],"author_username":"alk","telegram_post":"","public_post_metadata":{"breaking_news":"","important":"","csempe":"","center_tile":"","disable_thumbnail":"","target_lang":"","_featured_image_style":"","telegram_post":"","_xlat_group_id":""},"public_rank_math_data":{"title":"%title% %sep% %sitename%","description":"","focus_keyword":"","canonical_url":"","robots":"","primary_category":"1081","breadcrumb_title":"","facebook_title":"","facebook_description":"","facebook_image":"","facebook_image_id":"","twitter_title":"","twitter_description":"","twitter_image":"","twitter_image_id":"","twitter_card_type":"","twitter_use_facebook":"","advanced_robots":"","pillar_content":"","seo_score":"","contentai_score":"","rich_snippet":""},"_links":{"self":[{"href":"https:\/\/dailynewshungary.com\/de\/wp-json\/wp\/v2\/posts\/755836","targetHints":{"allow":["GET"]}}],"collection":[{"href":"https:\/\/dailynewshungary.com\/de\/wp-json\/wp\/v2\/posts"}],"about":[{"href":"https:\/\/dailynewshungary.com\/de\/wp-json\/wp\/v2\/types\/post"}],"author":[{"embeddable":true,"href":"https:\/\/dailynewshungary.com\/de\/wp-json\/wp\/v2\/users\/2"}],"replies":[{"embeddable":true,"href":"https:\/\/dailynewshungary.com\/de\/wp-json\/wp\/v2\/comments?post=755836"}],"version-history":[{"count":0,"href":"https:\/\/dailynewshungary.com\/de\/wp-json\/wp\/v2\/posts\/755836\/revisions"}],"wp:featuredmedia":[{"embeddable":true,"href":"https:\/\/dailynewshungary.com\/de\/wp-json\/wp\/v2\/media\/755837"}],"wp:attachment":[{"href":"https:\/\/dailynewshungary.com\/de\/wp-json\/wp\/v2\/media?parent=755836"}],"wp:term":[{"taxonomy":"category","embeddable":true,"href":"https:\/\/dailynewshungary.com\/de\/wp-json\/wp\/v2\/categories?post=755836"},{"taxonomy":"post_tag","embeddable":true,"href":"https:\/\/dailynewshungary.com\/de\/wp-json\/wp\/v2\/tags?post=755836"}],"curies":[{"name":"wp","href":"https:\/\/api.w.org\/{rel}","templated":true}]}}