{"id":755874,"date":"2016-08-12T17:10:00","date_gmt":"2016-08-12T15:10:00","guid":{"rendered":"https:\/\/dailynewshungary.com\/de\/ungarischer-ausenminister-weist-kritik-des-schwedischen-ministers-zuruck\/"},"modified":"2016-08-12T17:10:00","modified_gmt":"2016-08-12T15:10:00","slug":"ungarischer-ausenminister-weist-kritik-des-schwedischen-ministers-zuruck","status":"publish","type":"post","link":"https:\/\/dailynewshungary.com\/de\/ungarischer-ausenminister-weist-kritik-des-schwedischen-ministers-zuruck\/","title":{"rendered":"Ungarischer Au\u00dfenminister weist Kritik des schwedischen Ministers zur\u00fcck"},"content":{"rendered":"<p><strong>Budapest, 12. August (MTI) \u2013 Au\u00dfenminister P\u00e9ter Szijj\u00e1rt\u00f3 hat \u00c4u\u00dferungen des schwedischen Migrationsministers zur\u00fcckgewiesen, in denen Ungarn daf\u00fcr kritisiert wurde, dass es sich weigerte, Asylbewerber aus Schweden, die sich erstmals in Ungarn registriert hatten, zur\u00fcckzunehmen.<\/strong><\/p>\n<p>Morgan Johansson sagte gegen\u00fcber der Presseagentur TT, dass Schweden n\u00e4chste Woche Ungarns Botschafterin nach Stockholm vorladen werde, weil ihr Land sich weigere, Migranten aus Schweden zur\u00fcckzuholen.<\/p>\n<p>Szijj\u00e1rt\u00f3 nannte Johanssons Kritik seltsam und inakzeptabel. \u201eEr sagte, Ungarns Haltung zur R\u00fccknahme illegaler Migranten bleibe unver\u00e4ndert\u201c\u201eWir werden nur diejenigen zur\u00fccknehmen, die zuerst \u00fcber Ungarn in die Europ\u00e4ische Union eingereist sind\u201d, betonte Szijj\u00e1rt\u00f3.<\/p>\n<p>Ungarn werde keinen der \u201cHunderttausenden\u201d \u201cnah\u00f6stlichen illegalen Migranten\u201d zur\u00fccknehmen, die vor der Einreise nach Ungarn mindestens ein anderes EU-Land durchquert h\u00e4tten, sagte der Minister.<\/p>\n<p>Ungarn geh\u00f6re zu den wenigen EU-L\u00e4ndern, die seit Beginn der Migrationskrise die Regeln des Blocks beachtet h\u00e4tten, betonte Szijj\u00e1rt\u00f3.<\/p>\n<blockquote>\n<p>\u201cWir sch\u00fctzen unsere Grenze, die auch die Au\u00dfengrenze der Europ\u00e4ischen Union ist, was bedeutet, dass Ungarn derzeit auch Schweden sch\u00fctzt\u201d, f\u00fcgte er hinzu.<\/p>\n<\/blockquote>\n<p>&nbsp;<\/p>\n","protected":false},"excerpt":{"rendered":"<p>Budapest, 12. August (MTI) \u2013 Au\u00dfenminister P\u00e9ter Szijj\u00e1rt\u00f3 hat \u00c4u\u00dferungen des schwedischen Migrationsministers zur\u00fcckgewiesen, in denen Ungarn daf\u00fcr kritisiert wurde, dass es sich weigerte, Asylbewerber aus Schweden, die sich erstmals in Ungarn registriert hatten, zur\u00fcckzunehmen. Morgan Johansson sagte gegen\u00fcber der Presseagentur TT, dass Schweden n\u00e4chste Woche Ungarns Botschafterin nach Stockholm vorladen werde, weil ihr Land [&hellip;]<\/p>\n","protected":false},"author":2,"featured_media":755875,"comment_status":"open","ping_status":"open","sticky":false,"template":"","format":"standard","meta":{"_acf_changed":false,"_display_image":"","footnotes":""},"categories":[1081],"tags":[1470,1082,1445,1299],"class_list":["post-755874","post","type-post","status-publish","format-standard","has-post-thumbnail","hentry","category-politik","tag-ausenministerium-fur-ungarn","tag-europaische-union","tag-migration","tag-schengen"],"blocksy_meta":[],"acf":[],"author_username":"alk","telegram_post":"","public_post_metadata":{"breaking_news":"","important":"","csempe":"","center_tile":"","disable_thumbnail":"","target_lang":"","_featured_image_style":"","telegram_post":"","_xlat_group_id":""},"public_rank_math_data":{"title":"%title% %sep% %sitename%","description":"","focus_keyword":"","canonical_url":"","robots":"","primary_category":"1081","breadcrumb_title":"","facebook_title":"","facebook_description":"","facebook_image":"","facebook_image_id":"","twitter_title":"","twitter_description":"","twitter_image":"","twitter_image_id":"","twitter_card_type":"","twitter_use_facebook":"","advanced_robots":"","pillar_content":"","seo_score":"","contentai_score":"","rich_snippet":""},"_links":{"self":[{"href":"https:\/\/dailynewshungary.com\/de\/wp-json\/wp\/v2\/posts\/755874","targetHints":{"allow":["GET"]}}],"collection":[{"href":"https:\/\/dailynewshungary.com\/de\/wp-json\/wp\/v2\/posts"}],"about":[{"href":"https:\/\/dailynewshungary.com\/de\/wp-json\/wp\/v2\/types\/post"}],"author":[{"embeddable":true,"href":"https:\/\/dailynewshungary.com\/de\/wp-json\/wp\/v2\/users\/2"}],"replies":[{"embeddable":true,"href":"https:\/\/dailynewshungary.com\/de\/wp-json\/wp\/v2\/comments?post=755874"}],"version-history":[{"count":0,"href":"https:\/\/dailynewshungary.com\/de\/wp-json\/wp\/v2\/posts\/755874\/revisions"}],"wp:featuredmedia":[{"embeddable":true,"href":"https:\/\/dailynewshungary.com\/de\/wp-json\/wp\/v2\/media\/755875"}],"wp:attachment":[{"href":"https:\/\/dailynewshungary.com\/de\/wp-json\/wp\/v2\/media?parent=755874"}],"wp:term":[{"taxonomy":"category","embeddable":true,"href":"https:\/\/dailynewshungary.com\/de\/wp-json\/wp\/v2\/categories?post=755874"},{"taxonomy":"post_tag","embeddable":true,"href":"https:\/\/dailynewshungary.com\/de\/wp-json\/wp\/v2\/tags?post=755874"}],"curies":[{"name":"wp","href":"https:\/\/api.w.org\/{rel}","templated":true}]}}