{"id":755888,"date":"2016-08-12T10:10:55","date_gmt":"2016-08-12T08:10:55","guid":{"rendered":"https:\/\/dailynewshungary.com\/de\/referendum-uber-die-migrantenquote-fur-die-eg-irrelevant-sagt-opposition-dk\/"},"modified":"2016-08-12T10:10:55","modified_gmt":"2016-08-12T08:10:55","slug":"referendum-uber-die-migrantenquote-fur-die-eg-irrelevant-sagt-opposition-dk","status":"publish","type":"post","link":"https:\/\/dailynewshungary.com\/de\/referendum-uber-die-migrantenquote-fur-die-eg-irrelevant-sagt-opposition-dk\/","title":{"rendered":"Referendum \u00fcber die Migrantenquote f\u00fcr die EG irrelevant, sagt Opposition DK"},"content":{"rendered":"<p><strong>Budapest, 11. August (MTI) \u2013 Das Ergebnis des Referendums vom 2. Oktober in Ungarn \u00fcber die Migrantenquoten der Europ\u00e4ischen Union ist f\u00fcr die Europ\u00e4ische Kommission irrelevant und wird die Verpflichtungen der Regierung gegen\u00fcber der EU nicht \u00fcberschreiben, sagte Europaabgeordneter P\u00e9ter Niederm\u00fcller von der oppositionellen Demokratischen Koalition (DK) am Donnerstag.<\/strong><\/p>\n<p>Niederm\u00fcller sagte, er habe im Juli eine schriftliche Anfrage zum Quotenreferendum Ungarns an die EG gerichtet und EG-Pr\u00e4sident Jean-Claude Juncker habe in seiner Antwort deutlich gemacht, dass unabh\u00e4ngig vom Ausgang des Referendums von der ungarischen Regierung erwartet werde, dass sie ihren Verpflichtungen aus der EU-Mitgliedschaft nachkomme.<\/p>\n<p>Die Regierung \u201estachelt die \u00d6ffentlichkeit seit Monaten an\u201cund sagt, dass das Referendum eine Botschaft an Br\u00fcssel w\u00e4re, aber es gibt jetzt Beweise daf\u00fcr, dass es bei diesem \u201ePseudo-Referendum\u201d nicht um die Quote geht, da es sie nicht beeintr\u00e4chtigen wird, sagte Niedermuller. Stattdessen fordert die Regierung eine Genehmigung, Ungarn aus der EU zu vertreiben, f\u00fcgte er hinzu.<\/p>\n<p>DK fordert die ungarischen W\u00e4hler immer wieder auf, sich nicht an dem Referendum zu beteiligenFremdbleiben wird ein klarer Ausdruck der Ansicht sein, dass Ungarn EU-Mitglied bleiben sollte, sagte er.<\/p>\n<p>Sp\u00e4ter am Tag sagte Regierungssprecher Zolt\u00e1n Kov\u00e1cs auf einer Pressekonferenz, dass das Referendum \u201cabsolut notwendig\u201d sei, und argumentierte, dass die EU sich darauf vorbereitet, Regelungen f\u00fcr Mitgliedstaaten in einem Bereich vorzuschreiben, der nicht in die Zust\u00e4ndigkeit der EU f\u00e4llt.<\/p>\n<p>Er sagte, die Sommer-Medienkampagne der Regierung f\u00fcr das Quotenreferendum sei notwendig gewesen, weil die westeurop\u00e4ischen Medien in dieser Frage \u201cgeteilt\u201d seien und teilweise versuchten, die Realit\u00e4t der Migrationssituation zu \u201cvertuschen\u201d Er f\u00fcgte hinzu, dass es seit Beginn der Migrantenkrise einen Anstieg der Bel\u00e4stigung von Frauen gegeben habe und dass es \u201cdefinitive Beweise f\u00fcr einen Zusammenhang zwischen illegaler Migration und Terrorismus gebe\u201d Kov\u00e1cs sagte, die Regierung werde die Kampagne fortsetzen.<\/p>\n<p>Er sagte, die Regierung werde versuchen, den Krisenzustand aufgrund der Massenmigration, die am 9. September ausl\u00e4uft, zu verl\u00e4ngern.<\/p>\n<p><em>Foto: MTI<\/em><\/p>\n","protected":false},"excerpt":{"rendered":"<p>Budapest, 11. August (MTI) \u2013 Das Ergebnis des Referendums vom 2. Oktober in Ungarn \u00fcber die Migrantenquoten der Europ\u00e4ischen Union ist f\u00fcr die Europ\u00e4ische Kommission irrelevant und wird die Verpflichtungen der Regierung gegen\u00fcber der EU nicht \u00fcberschreiben, sagte Europaabgeordneter P\u00e9ter Niederm\u00fcller von der oppositionellen Demokratischen Koalition (DK) am Donnerstag. Niederm\u00fcller sagte, er habe im Juli [&hellip;]<\/p>\n","protected":false},"author":2,"featured_media":755889,"comment_status":"open","ping_status":"open","sticky":false,"template":"","format":"standard","meta":{"_acf_changed":false,"_display_image":"","footnotes":""},"categories":[1081],"tags":[1222,1426,1082,1445,3772],"class_list":["post-755888","post","type-post","status-publish","format-standard","has-post-thumbnail","hentry","category-politik","tag-demokratische-koalition","tag-europaische-kommission","tag-europaische-union","tag-migration","tag-referendum-uber-migrantenquoten"],"blocksy_meta":[],"acf":[],"author_username":"alk","telegram_post":"","public_post_metadata":{"breaking_news":"","important":"","csempe":"","center_tile":"","disable_thumbnail":"","target_lang":"","_featured_image_style":"","telegram_post":"","_xlat_group_id":""},"public_rank_math_data":{"title":"%title% %sep% %sitename%","description":"","focus_keyword":"Migranten","canonical_url":"","robots":"","primary_category":"1081","breadcrumb_title":"","facebook_title":"","facebook_description":"","facebook_image":"","facebook_image_id":"","twitter_title":"","twitter_description":"","twitter_image":"","twitter_image_id":"","twitter_card_type":"","twitter_use_facebook":"","advanced_robots":"","pillar_content":"","seo_score":"53","contentai_score":"","rich_snippet":""},"_links":{"self":[{"href":"https:\/\/dailynewshungary.com\/de\/wp-json\/wp\/v2\/posts\/755888","targetHints":{"allow":["GET"]}}],"collection":[{"href":"https:\/\/dailynewshungary.com\/de\/wp-json\/wp\/v2\/posts"}],"about":[{"href":"https:\/\/dailynewshungary.com\/de\/wp-json\/wp\/v2\/types\/post"}],"author":[{"embeddable":true,"href":"https:\/\/dailynewshungary.com\/de\/wp-json\/wp\/v2\/users\/2"}],"replies":[{"embeddable":true,"href":"https:\/\/dailynewshungary.com\/de\/wp-json\/wp\/v2\/comments?post=755888"}],"version-history":[{"count":0,"href":"https:\/\/dailynewshungary.com\/de\/wp-json\/wp\/v2\/posts\/755888\/revisions"}],"wp:featuredmedia":[{"embeddable":true,"href":"https:\/\/dailynewshungary.com\/de\/wp-json\/wp\/v2\/media\/755889"}],"wp:attachment":[{"href":"https:\/\/dailynewshungary.com\/de\/wp-json\/wp\/v2\/media?parent=755888"}],"wp:term":[{"taxonomy":"category","embeddable":true,"href":"https:\/\/dailynewshungary.com\/de\/wp-json\/wp\/v2\/categories?post=755888"},{"taxonomy":"post_tag","embeddable":true,"href":"https:\/\/dailynewshungary.com\/de\/wp-json\/wp\/v2\/tags?post=755888"}],"curies":[{"name":"wp","href":"https:\/\/api.w.org\/{rel}","templated":true}]}}