{"id":755912,"date":"2016-08-11T11:40:31","date_gmt":"2016-08-11T09:40:31","guid":{"rendered":"https:\/\/dailynewshungary.com\/de\/fidesz-quotenreferendum-konnte-ein-weckruf-nach-brussel-sein\/"},"modified":"2016-08-11T11:40:31","modified_gmt":"2016-08-11T09:40:31","slug":"fidesz-quotenreferendum-konnte-ein-weckruf-nach-brussel-sein","status":"publish","type":"post","link":"https:\/\/dailynewshungary.com\/de\/fidesz-quotenreferendum-konnte-ein-weckruf-nach-brussel-sein\/","title":{"rendered":"Fidesz: Quotenreferendum k\u00f6nnte ein Weckruf nach Br\u00fcssel sein"},"content":{"rendered":"<p><strong>Budapest, 10. August (MTI) \u2013 Ungarns Referendum vom 2. Oktober \u00fcber die geplanten Migrantenquoten der Europ\u00e4ischen Union k\u00f6nnte als Weckruf f\u00fcr Br\u00fcssel wirken und ihre derzeitige unrealistische Denkweise, das Urteil, \u00e4ndern <a href=\"https:\/\/dailynewshungary.com\/de\/der-grose-britische-zuguberfall-wie-eine-15-kopfige-bande-1963-26-millionen-pfund-stahl\/\" target=\"_blank\">Fidesz-partei<\/a>\u201eDer Fraktionsvorsitzende sagte am sp\u00e4ten Mittwoch.<\/strong><\/p>\n<p>J\u00e1nos Hal\u00e1sz antwortete auf einen Bericht in der deutschen Tageszeitung Die Welt \u00fcber Erkl\u00e4rungen der Leiterin des Haushaltskontrollausschusses des Europ\u00e4ischen Parlaments, Inge Graessle, einer CDU-Politikerin, und des Vizepr\u00e4sidenten des Europ\u00e4ischen Parlaments, Alexander Graf Lambsdorff, als Vertreter der liberalen Freien Demokratischen Partei Deutschlands Die Politiker forderten die EU auf, den Mitgliedsl\u00e4ndern, die in ihrer Fl\u00fcchtlingspolitik keine Solidarit\u00e4t zeigen, ihre Unterst\u00fctzung zu entziehen.<\/p>\n<p>Dem \u00f6ffentlich-rechtlichen Nachrichtensender M1 sagte Hal\u00e1sz, dass Politiker, die solche Aussagen machen, den Bezug zur Realit\u00e4t verloren h\u00e4tten und keine Ahnung h\u00e4tten, was die Ankunft von 1,5 Millionen Migranten im Alltag bedeuten w\u00fcrdeDiese Politiker \u201cverstehen das nicht\u201d und sie konzentrieren sich eher auf das Thema Migranten als auf die Sicherheit Europas.<\/p>\n<p>[button link=\u201dhttps:\/\/dailynewshungary.com\/tag\/referendum-on-migrant-quotas\/\u201d color=\u201d black\u201d newwindow=\u201dyes\u201d] Alle News about <strong>REFERENDUM \u00dcBER MIGRANTENQUOTEN<\/strong>[\/knopf]<\/p>\n<p>Das Referendum vom 2. Oktober werde zeigen, ob die Migrantenpolitik \u201cder Br\u00fcsseler Elite\u201d akzeptabel sei oder nicht, sagte Hal\u00e1szEr \u00e4u\u00dferte die Hoffnung, dass andere L\u00e4nder \u00e4hnliche Volksabstimmungen abhalten werden.<\/p>\n","protected":false},"excerpt":{"rendered":"<p>Budapest, 10. August (MTI) \u2013 Ungarns Referendum vom 2. Oktober \u00fcber die geplanten Migrantenquoten der Europ\u00e4ischen Union k\u00f6nnte als Weckruf f\u00fcr Br\u00fcssel wirken und ihre derzeitige unrealistische Denkweise, das Urteil, \u00e4ndern Fidesz-partei\u201eDer Fraktionsvorsitzende sagte am sp\u00e4ten Mittwoch. J\u00e1nos Hal\u00e1sz antwortete auf einen Bericht in der deutschen Tageszeitung Die Welt \u00fcber Erkl\u00e4rungen der Leiterin des Haushaltskontrollausschusses [&hellip;]<\/p>\n","protected":false},"author":2,"featured_media":755913,"comment_status":"open","ping_status":"open","sticky":false,"template":"","format":"standard","meta":{"_acf_changed":false,"_display_image":"","footnotes":""},"categories":[1081],"tags":[1082,1091,1445,3772],"class_list":["post-755912","post","type-post","status-publish","format-standard","has-post-thumbnail","hentry","category-politik","tag-europaische-union","tag-fidesz","tag-migration","tag-referendum-uber-migrantenquoten"],"blocksy_meta":[],"acf":[],"author_username":"alk","telegram_post":"","public_post_metadata":{"breaking_news":"","important":"","csempe":"","center_tile":"","disable_thumbnail":"","target_lang":"","_featured_image_style":"","telegram_post":"","_xlat_group_id":""},"public_rank_math_data":{"title":"%title% %sep% %sitename%","description":"","focus_keyword":"Europa","canonical_url":"","robots":"","primary_category":"1081","breadcrumb_title":"","facebook_title":"","facebook_description":"","facebook_image":"","facebook_image_id":"","twitter_title":"","twitter_description":"","twitter_image":"","twitter_image_id":"","twitter_card_type":"","twitter_use_facebook":"","advanced_robots":"","pillar_content":"","seo_score":"23","contentai_score":"","rich_snippet":""},"_links":{"self":[{"href":"https:\/\/dailynewshungary.com\/de\/wp-json\/wp\/v2\/posts\/755912","targetHints":{"allow":["GET"]}}],"collection":[{"href":"https:\/\/dailynewshungary.com\/de\/wp-json\/wp\/v2\/posts"}],"about":[{"href":"https:\/\/dailynewshungary.com\/de\/wp-json\/wp\/v2\/types\/post"}],"author":[{"embeddable":true,"href":"https:\/\/dailynewshungary.com\/de\/wp-json\/wp\/v2\/users\/2"}],"replies":[{"embeddable":true,"href":"https:\/\/dailynewshungary.com\/de\/wp-json\/wp\/v2\/comments?post=755912"}],"version-history":[{"count":0,"href":"https:\/\/dailynewshungary.com\/de\/wp-json\/wp\/v2\/posts\/755912\/revisions"}],"wp:featuredmedia":[{"embeddable":true,"href":"https:\/\/dailynewshungary.com\/de\/wp-json\/wp\/v2\/media\/755913"}],"wp:attachment":[{"href":"https:\/\/dailynewshungary.com\/de\/wp-json\/wp\/v2\/media?parent=755912"}],"wp:term":[{"taxonomy":"category","embeddable":true,"href":"https:\/\/dailynewshungary.com\/de\/wp-json\/wp\/v2\/categories?post=755912"},{"taxonomy":"post_tag","embeddable":true,"href":"https:\/\/dailynewshungary.com\/de\/wp-json\/wp\/v2\/tags?post=755912"}],"curies":[{"name":"wp","href":"https:\/\/api.w.org\/{rel}","templated":true}]}}