{"id":755952,"date":"2016-08-10T06:30:54","date_gmt":"2016-08-10T04:30:54","guid":{"rendered":"https:\/\/dailynewshungary.com\/de\/sozialisten-wahlverweigerung-bei-oktober-referendum-bedeutet-aufenthalt-in-europa\/"},"modified":"2016-08-10T06:30:54","modified_gmt":"2016-08-10T04:30:54","slug":"sozialisten-wahlverweigerung-bei-oktober-referendum-bedeutet-aufenthalt-in-europa","status":"publish","type":"post","link":"https:\/\/dailynewshungary.com\/de\/sozialisten-wahlverweigerung-bei-oktober-referendum-bedeutet-aufenthalt-in-europa\/","title":{"rendered":"Sozialisten: Wahlverweigerung bei Oktober-Referendum bedeutet \u201cAufenthalt in Europa\u201d"},"content":{"rendered":"<p><strong>Budapest, 9. August (MTI) \u2013 \u201cWer am 2. Oktober zu Hause bleibt, bleibt in Europa\u201d, <a href=\"https:\/\/dailynewshungary.com\/de\/der-grose-britische-zuguberfall-wie-eine-15-kopfige-bande-1963-26-millionen-pfund-stahl\/\" target=\"_blank\">Die Oppositionssozialisten<\/a> Sagte in einer Einzelsatzantwort an die Regierungsparteien vom Dienstag und forderte den linken Fl\u00fcgel auf, ihre Position zur Neuansiedlung von Migranten klar zum Ausdruck zu bringen.<\/strong><\/p>\n<p>Die linken Parteien sollten deutlich machen, wenn sie \u201cZwangsumsiedlung und Br\u00fcsseler Migranten\u00fcbersiedlung nach Ungarn \u00fcber die K\u00f6pfe des ungarischen Volkes hinaus unterst\u00fctzen\u201d, sagte Sprecher Istv\u00e1n Hollik von den mitregierenden Christdemokraten auf einer Pressekonferenz.<\/p>\n<p>Der Vorsitzende der Sozialistischen Partei, Gyula Moln\u00e1r, sagte am Montag, dass die Partei plant, ihre Kampagne f\u00fcr Ungarns Referendum \u00fcber die Migrantenquote am 1. September zu starten. Im Wahlkampf werde die Partei die W\u00e4hler dazu dr\u00e4ngen, sich am 2. Oktober der Stimme zu enthalten, sagte Moln\u00e1r in Ny\u00edregyh\u00e1za im Nordosten Ungarn.<\/p>\n<p>F\u00fcr die Sozialisten gehe es bei dem Referendum darum, \u201cNein\u201d zu den politischen und taktischen Zielen des Premierministers zu sagen und \u201cJa\u201d zu Europa zu sagen, beharrte Moln\u00e1r.<\/p>\n<p style=\"text-align: center;\">[button link=\u201dhttps:\/\/dailynewshungary.com\/tag\/referendum-on-migrant-quotas\/\u201d type=\u201dbig\u201d color=\u201d red\u201d newwindow=\u201dyes\u201d] Weiterlesen \u00fcber REFERENDUM \u00dcBER MIGRANTENQUOTEN [\/button]<\/p>\n<p>In der Volksabstimmung werden die Ungarn gefragt: \u201cWollen Sie zulassen, dass die Europ\u00e4ische Union die Umsiedlung nichtungarischer Staatsb\u00fcrger nach Ungarn ohne Zustimmung des Parlaments vorschreibt?\u201d<\/p>\n","protected":false},"excerpt":{"rendered":"<p>Budapest, 9. August (MTI) \u2013 \u201cWer am 2. Oktober zu Hause bleibt, bleibt in Europa\u201d, Die Oppositionssozialisten Sagte in einer Einzelsatzantwort an die Regierungsparteien vom Dienstag und forderte den linken Fl\u00fcgel auf, ihre Position zur Neuansiedlung von Migranten klar zum Ausdruck zu bringen. Die linken Parteien sollten deutlich machen, wenn sie \u201cZwangsumsiedlung und Br\u00fcsseler Migranten\u00fcbersiedlung [&hellip;]<\/p>\n","protected":false},"author":2,"featured_media":755953,"comment_status":"open","ping_status":"open","sticky":false,"template":"","format":"standard","meta":{"_acf_changed":false,"_display_image":"","footnotes":""},"categories":[1081],"tags":[1082,3772,1695],"class_list":["post-755952","post","type-post","status-publish","format-standard","has-post-thumbnail","hentry","category-politik","tag-europaische-union","tag-referendum-uber-migrantenquoten","tag-sozialisten"],"blocksy_meta":[],"acf":[],"author_username":"alk","telegram_post":"","public_post_metadata":{"breaking_news":"","important":"","csempe":"","center_tile":"","disable_thumbnail":"","target_lang":"","_featured_image_style":"","telegram_post":"","_xlat_group_id":""},"public_rank_math_data":{"title":"%title% %sep% %sitename%","description":"","focus_keyword":"Europa","canonical_url":"","robots":"","primary_category":"1081","breadcrumb_title":"","facebook_title":"","facebook_description":"","facebook_image":"","facebook_image_id":"","twitter_title":"","twitter_description":"","twitter_image":"","twitter_image_id":"","twitter_card_type":"","twitter_use_facebook":"","advanced_robots":"","pillar_content":"","seo_score":"","contentai_score":"","rich_snippet":""},"_links":{"self":[{"href":"https:\/\/dailynewshungary.com\/de\/wp-json\/wp\/v2\/posts\/755952","targetHints":{"allow":["GET"]}}],"collection":[{"href":"https:\/\/dailynewshungary.com\/de\/wp-json\/wp\/v2\/posts"}],"about":[{"href":"https:\/\/dailynewshungary.com\/de\/wp-json\/wp\/v2\/types\/post"}],"author":[{"embeddable":true,"href":"https:\/\/dailynewshungary.com\/de\/wp-json\/wp\/v2\/users\/2"}],"replies":[{"embeddable":true,"href":"https:\/\/dailynewshungary.com\/de\/wp-json\/wp\/v2\/comments?post=755952"}],"version-history":[{"count":0,"href":"https:\/\/dailynewshungary.com\/de\/wp-json\/wp\/v2\/posts\/755952\/revisions"}],"wp:featuredmedia":[{"embeddable":true,"href":"https:\/\/dailynewshungary.com\/de\/wp-json\/wp\/v2\/media\/755953"}],"wp:attachment":[{"href":"https:\/\/dailynewshungary.com\/de\/wp-json\/wp\/v2\/media?parent=755952"}],"wp:term":[{"taxonomy":"category","embeddable":true,"href":"https:\/\/dailynewshungary.com\/de\/wp-json\/wp\/v2\/categories?post=755952"},{"taxonomy":"post_tag","embeddable":true,"href":"https:\/\/dailynewshungary.com\/de\/wp-json\/wp\/v2\/tags?post=755952"}],"curies":[{"name":"wp","href":"https:\/\/api.w.org\/{rel}","templated":true}]}}