{"id":755962,"date":"2016-08-09T18:30:59","date_gmt":"2016-08-09T16:30:59","guid":{"rendered":"https:\/\/dailynewshungary.com\/de\/lmp-fordert-die-regierung-auf-die-wettbewerbsfahigkeit-von-kmu-zu-verbessern\/"},"modified":"2016-08-09T18:30:59","modified_gmt":"2016-08-09T16:30:59","slug":"lmp-fordert-die-regierung-auf-die-wettbewerbsfahigkeit-von-kmu-zu-verbessern","status":"publish","type":"post","link":"https:\/\/dailynewshungary.com\/de\/lmp-fordert-die-regierung-auf-die-wettbewerbsfahigkeit-von-kmu-zu-verbessern\/","title":{"rendered":"LMP fordert die Regierung auf, die Wettbewerbsf\u00e4higkeit von KMU zu verbessern"},"content":{"rendered":"<p><strong>Budapest, 9. August (MTI) 2 Die gr\u00fcne Opposition LMP hat die Regierung aufgefordert, Ma\u00dfnahmen zu ergreifen, um die Wettbewerbsf\u00e4higkeit ungarischer kleiner und mittlerer Unternehmen zu steigern.<\/strong><\/p>\n<p>Erzs\u00e9bet Schmuck, stellvertretende Fraktionsvorsitzende der Partei, sagte am Dienstag, die Regierung solle KMU wettbewerbsf\u00e4higer machen, indem sie ihnen mehr Mittel der Europ\u00e4ischen Union zur Verf\u00fcgung stelle und sie aufwerbe&nbsp;<span style=\"line-height: 1.5;\">L\u00f6hne, \u00c4nderung der Steuergesetzgebung und Entwicklung der Berufsausbildung.<\/span><\/p>\n<p>Sie machte \u201cdie fehlerhafte Wirtschaftspolitik der Regierung\u201d, die ihrer Meinung nach \u201cdie L\u00f6hne k\u00fcnstlich niedrig h\u00e4lt\u201d, f\u00fcr den zunehmenden Arbeitskr\u00e4ftemangel und die insgesamt \u201cschwierige Situation\u201d verantwortlich, mit der KMU konfrontiert sindDie Wirtschaftspolitik der Regierung treibt Fachkr\u00e4fte zu multinationalen Unternehmen oder ins Ausland, sagte sie.<\/p>\n<p>Schmuck sagte, es seien vor allem multinationale Unternehmen, die von Steuererleichterungen und staatlicher Unterst\u00fctzung profitieren, w\u00e4hrend zwei Drittel der EU-Mittel an Akteure des \u00f6ffentlichen Sektors gehen.<\/p>\n<p>Sie forderte die Regierung auf, KMU EU-Mittel in der gleichen H\u00f6he zur Verf\u00fcgung zu stellen, wie sie multinationalen Unternehmen zur Verf\u00fcgung stehen, und f\u00fcgte hinzu, dass die Mittel auf der Grundlage von Qualifikationen und nicht auf der Grundlage politischer Verbindungen vergeben werden sollten.<\/p>\n","protected":false},"excerpt":{"rendered":"<p>Budapest, 9. August (MTI) 2 Die gr\u00fcne Opposition LMP hat die Regierung aufgefordert, Ma\u00dfnahmen zu ergreifen, um die Wettbewerbsf\u00e4higkeit ungarischer kleiner und mittlerer Unternehmen zu steigern. Erzs\u00e9bet Schmuck, stellvertretende Fraktionsvorsitzende der Partei, sagte am Dienstag, die Regierung solle KMU wettbewerbsf\u00e4higer machen, indem sie ihnen mehr Mittel der Europ\u00e4ischen Union zur Verf\u00fcgung stelle und sie aufwerbe&nbsp;L\u00f6hne, [&hellip;]<\/p>\n","protected":false},"author":2,"featured_media":755963,"comment_status":"open","ping_status":"open","sticky":false,"template":"","format":"standard","meta":{"_acf_changed":false,"_display_image":"","footnotes":""},"categories":[1081],"tags":[1082,1873],"class_list":["post-755962","post","type-post","status-publish","format-standard","has-post-thumbnail","hentry","category-politik","tag-europaische-union","tag-lmp"],"blocksy_meta":[],"acf":[],"author_username":"alk","telegram_post":"","public_post_metadata":{"breaking_news":"","important":"","csempe":"","center_tile":"","disable_thumbnail":"","target_lang":"","_featured_image_style":"","telegram_post":"","_xlat_group_id":""},"public_rank_math_data":{"title":"%title% %sep% %sitename%","description":"","focus_keyword":"","canonical_url":"","robots":"","primary_category":"1081","breadcrumb_title":"","facebook_title":"","facebook_description":"","facebook_image":"","facebook_image_id":"","twitter_title":"","twitter_description":"","twitter_image":"","twitter_image_id":"","twitter_card_type":"","twitter_use_facebook":"","advanced_robots":"","pillar_content":"","seo_score":"","contentai_score":"","rich_snippet":""},"_links":{"self":[{"href":"https:\/\/dailynewshungary.com\/de\/wp-json\/wp\/v2\/posts\/755962","targetHints":{"allow":["GET"]}}],"collection":[{"href":"https:\/\/dailynewshungary.com\/de\/wp-json\/wp\/v2\/posts"}],"about":[{"href":"https:\/\/dailynewshungary.com\/de\/wp-json\/wp\/v2\/types\/post"}],"author":[{"embeddable":true,"href":"https:\/\/dailynewshungary.com\/de\/wp-json\/wp\/v2\/users\/2"}],"replies":[{"embeddable":true,"href":"https:\/\/dailynewshungary.com\/de\/wp-json\/wp\/v2\/comments?post=755962"}],"version-history":[{"count":0,"href":"https:\/\/dailynewshungary.com\/de\/wp-json\/wp\/v2\/posts\/755962\/revisions"}],"wp:featuredmedia":[{"embeddable":true,"href":"https:\/\/dailynewshungary.com\/de\/wp-json\/wp\/v2\/media\/755963"}],"wp:attachment":[{"href":"https:\/\/dailynewshungary.com\/de\/wp-json\/wp\/v2\/media?parent=755962"}],"wp:term":[{"taxonomy":"category","embeddable":true,"href":"https:\/\/dailynewshungary.com\/de\/wp-json\/wp\/v2\/categories?post=755962"},{"taxonomy":"post_tag","embeddable":true,"href":"https:\/\/dailynewshungary.com\/de\/wp-json\/wp\/v2\/tags?post=755962"}],"curies":[{"name":"wp","href":"https:\/\/api.w.org\/{rel}","templated":true}]}}