{"id":755972,"date":"2016-08-09T13:30:23","date_gmt":"2016-08-09T11:30:23","guid":{"rendered":"https:\/\/dailynewshungary.com\/de\/orbans-berater-sicherheit-wichtiger-als-solidaritat-in-migrationssituation\/"},"modified":"2016-08-09T13:30:23","modified_gmt":"2016-08-09T11:30:23","slug":"orbans-berater-sicherheit-wichtiger-als-solidaritat-in-migrationssituation","status":"publish","type":"post","link":"https:\/\/dailynewshungary.com\/de\/orbans-berater-sicherheit-wichtiger-als-solidaritat-in-migrationssituation\/","title":{"rendered":"Orb\u00e1ns Berater: Sicherheit wichtiger als Solidarit\u00e4t in Migrationssituation"},"content":{"rendered":"<p><strong>Am Dienstag erkl\u00e4rte Gy\u00f6rgy Bakondi, Chef-Sicherheitsberater des Premierministers, auf eine Erkl\u00e4rung des Pr\u00e4sidenten der Europ\u00e4ischen Kommission Jean-Claude Juncker gegen\u00fcber dem \u00f6ffentlich-rechtlichen Fernsehsender M1, dass nicht Solidarit\u00e4t, sondern Sicherheit von gr\u00f6\u00dfter Bedeutung sei.<\/strong><\/p>\n<p>In einem Interview mit einer deutschen Zeitung sagte Herr Juncker, dass die \u201cQuotenregelung\u201d auf dem Prinzip der Solidarit\u00e4t beruhe und ihr Ziel darin bestehe, zu verhindern, dass die Mitgliedstaaten im Mittelmeerraum mit dem \u201cMigrationsdrama\u201d allein gelassen w\u00fcrden; als \u201cH\u00fcter der Vertr\u00e4ge\u201d sei es die Pflicht der Kommission, daf\u00fcr zu sorgen, dass die geltenden EU-Rechtsvorschriften durchgesetzt w\u00fcrden.<\/p>\n<p>Herr Bakondi sagte auch, dass das Referendum \u00fcber Quoten eine wichtige Botschaft an Europa vermittleAbstimmung ist eine demokratische Entscheidungsplattform, sie tr\u00e4gt eine politische Botschaft, und es ist die Pflicht Ungarns, die auf der Grundlage der Ergebnisse akzeptierte Position in sein Rechtssystem aufzunehmen und bei europ\u00e4ischen Verhandlungen zu vertreten.<\/p>\n<p>In einem Interview mit dem \u00f6ffentlich-rechtlichen Sender Kossuth R\u00e1di\u00f3 sagte Herr Bakondi, dass Ungarn neue Ans\u00e4tze anwende, um die illegale Migration zu stoppen; Dazu geh\u00f6ren die technische Grenzbarriere, ohne die \u201eder Zustrom von Menschen nicht gestoppt werden k\u00f6nnte\u201caber auch verschiedene Gesetzes\u00e4nderungen und die Anwesenheit von Polizei- und Milit\u00e4roffizieren entlang der Grenzen.<\/p>\n<p style=\"text-align: center;\">[button link=\u201dhttps:\/\/dailynewshungary.com\/tag\/immigration\/\u201d type=\u201dicon\u201d icon=\u201dsearch\u201d newwindow=\u201dyes\u201d] Weiterlesen News: IMMIGRATION [\/button]<\/p>\n<p>Der Chefsicherheitsberater wies darauf hin, dass eine der gro\u00dfen Fragen f\u00fcr den Herbst sei, ob es zu einer Verschiebung der Position der EU kommen werdeEr war der Ansicht, dass die Chance auf Ver\u00e4nderungen bestehe, da immer mehr Mitgliedstaaten Grenzkontrollt\u00e4tigkeiten einf\u00fchren.<\/p>\n<p><em>Foto: MTI\/AP\/Santi Palacios<\/em><\/p>\n","protected":false},"excerpt":{"rendered":"<p>Am Dienstag erkl\u00e4rte Gy\u00f6rgy Bakondi, Chef-Sicherheitsberater des Premierministers, auf eine Erkl\u00e4rung des Pr\u00e4sidenten der Europ\u00e4ischen Kommission Jean-Claude Juncker gegen\u00fcber dem \u00f6ffentlich-rechtlichen Fernsehsender M1, dass nicht Solidarit\u00e4t, sondern Sicherheit von gr\u00f6\u00dfter Bedeutung sei. In einem Interview mit einer deutschen Zeitung sagte Herr Juncker, dass die \u201cQuotenregelung\u201d auf dem Prinzip der Solidarit\u00e4t beruhe und ihr Ziel darin [&hellip;]<\/p>\n","protected":false},"author":2,"featured_media":755973,"comment_status":"open","ping_status":"open","sticky":false,"template":"","format":"standard","meta":{"_acf_changed":false,"_display_image":"","footnotes":""},"categories":[1081],"tags":[1082,1445],"class_list":["post-755972","post","type-post","status-publish","format-standard","has-post-thumbnail","hentry","category-politik","tag-europaische-union","tag-migration"],"blocksy_meta":[],"acf":[],"author_username":"alk","telegram_post":"","public_post_metadata":{"breaking_news":"","important":"","csempe":"","center_tile":"","disable_thumbnail":"","target_lang":"","_featured_image_style":"","telegram_post":"","_xlat_group_id":""},"public_rank_math_data":{"title":"%title% %sep% %sitename%","description":"","focus_keyword":"Migration","canonical_url":"","robots":"","primary_category":"1081","breadcrumb_title":"","facebook_title":"","facebook_description":"","facebook_image":"","facebook_image_id":"","twitter_title":"","twitter_description":"","twitter_image":"","twitter_image_id":"","twitter_card_type":"","twitter_use_facebook":"","advanced_robots":"","pillar_content":"","seo_score":"","contentai_score":"","rich_snippet":""},"_links":{"self":[{"href":"https:\/\/dailynewshungary.com\/de\/wp-json\/wp\/v2\/posts\/755972","targetHints":{"allow":["GET"]}}],"collection":[{"href":"https:\/\/dailynewshungary.com\/de\/wp-json\/wp\/v2\/posts"}],"about":[{"href":"https:\/\/dailynewshungary.com\/de\/wp-json\/wp\/v2\/types\/post"}],"author":[{"embeddable":true,"href":"https:\/\/dailynewshungary.com\/de\/wp-json\/wp\/v2\/users\/2"}],"replies":[{"embeddable":true,"href":"https:\/\/dailynewshungary.com\/de\/wp-json\/wp\/v2\/comments?post=755972"}],"version-history":[{"count":0,"href":"https:\/\/dailynewshungary.com\/de\/wp-json\/wp\/v2\/posts\/755972\/revisions"}],"wp:featuredmedia":[{"embeddable":true,"href":"https:\/\/dailynewshungary.com\/de\/wp-json\/wp\/v2\/media\/755973"}],"wp:attachment":[{"href":"https:\/\/dailynewshungary.com\/de\/wp-json\/wp\/v2\/media?parent=755972"}],"wp:term":[{"taxonomy":"category","embeddable":true,"href":"https:\/\/dailynewshungary.com\/de\/wp-json\/wp\/v2\/categories?post=755972"},{"taxonomy":"post_tag","embeddable":true,"href":"https:\/\/dailynewshungary.com\/de\/wp-json\/wp\/v2\/tags?post=755972"}],"curies":[{"name":"wp","href":"https:\/\/api.w.org\/{rel}","templated":true}]}}