{"id":755984,"date":"2016-08-09T06:20:52","date_gmt":"2016-08-09T04:20:52","guid":{"rendered":"https:\/\/dailynewshungary.com\/de\/sozialisten-starten-am-1-september-eine-kampagne-zum-quotenreferendum\/"},"modified":"2016-08-09T06:20:52","modified_gmt":"2016-08-09T04:20:52","slug":"sozialisten-starten-am-1-september-eine-kampagne-zum-quotenreferendum","status":"publish","type":"post","link":"https:\/\/dailynewshungary.com\/de\/sozialisten-starten-am-1-september-eine-kampagne-zum-quotenreferendum\/","title":{"rendered":"Sozialisten starten am 1. September eine Kampagne zum Quotenreferendum"},"content":{"rendered":"<p><strong>Budapest (MTI) \u2013 Die Sozialistische Partei plant, ihre Kampagne f\u00fcr Ungarns Referendum \u00fcber die Migrantenquote am 1. September zu starten, gab Parteichef Gyula Moln\u00e1r am Montag bekannt.<\/strong><\/p>\n<p>Im Wahlkampf werde die Partei die W\u00e4hler dazu dr\u00e4ngen, sich am 2. Oktober der Stimme zu enthalten, sagte Moln\u00e1r in Ny\u00edregyh\u00e1za im Nordosten Ungarns.<\/p>\n<blockquote>\n<p>\u201cWir vermeiden bewusst das Wort &#8216;Boykott&#8217;,\u201d sagte Moln\u00e1r.<\/p>\n<\/blockquote>\n<p>\u201cWir akzeptieren die Institution des Referendums und erkennen an, dass es ein wichtiges demokratisches Instrument ist\u201d, f\u00fcgte er hinzu.<\/p>\n<p>Moln\u00e1r sagte jedoch, die Partei wolle in den Ausz\u00e4hlungs- und Wahlaussch\u00fcssen der Stimmen vertreten sein und sich an der \u00dcberwachung des Abstimmungsprozesses beteiligen.<\/p>\n<p>Er bekr\u00e4ftigte die Haltung seiner Partei, dass Ministerpr\u00e4sident Viktor Orb\u00e1n und seine Regierungspartei Fidesz das Referendum nutzen, um den Weg f\u00fcr den Austritt Ungarns aus der Europ\u00e4ischen Union zu ebnen.<\/p>\n<p>F\u00fcr die Sozialistische Partei gehe es bei dem Referendum darum, \u201cNein\u201d zu den politischen und taktischen Zielen des Premierministers zu sagen und \u201cJa\u201d zu Europa zu sagen, beharrte Moln\u00e1r.<\/p>\n<p style=\"text-align: center;\">[button link=\u201dhttps:\/\/dailynewshungary.com\/quota-referendum-in-ungary-here-are-the-newest-billboards\/\u201d type=\u201dbig\u201d newwindow=\u201dyes\u201d] QUOTENREFERENDUM IN UNGARN: HIER SIND DIE NEUESTEN PLAKATW\u00c4NDE [\/button]<\/p>\n<p>In der Volksabstimmung werden die Ungarn gefragt: \u201cWollen Sie zulassen, dass die Europ\u00e4ische Union die Umsiedlung nichtungarischer Staatsb\u00fcrger nach Ungarn ohne Zustimmung des Parlaments vorschreibt?\u201d<\/p>\n<p>Moln\u00e1r sagte, dass ein Sieg bei der \u201eNein\u201c-Abstimmung \u201edie Dinge in eine unm\u00f6gliche Richtung bringen\u201d w\u00fcrde, w\u00e4hrend ein Sieg bei der \u201eJa\u201d-Abstimmung das Referendum nur legitimieren w\u00fcrde. Er schlug vor, dass das Referendum, wenn \u00fcberhaupt, kaum Auswirkungen haben w\u00fcrde.<\/p>\n<p>Er wies darauf hin, dass Ungarn der EU unter einer sozialistisch gef\u00fchrten Regierung im Jahr 2004 beigetreten sei, und f\u00fcgte hinzu, dass es 2016 die Sozialistische Partei sein werde, die \u201cUngarn und seine EU-Mitgliedschaft verteidigt\u201d Er sagte, dass diejenigen, die damit einverstanden sind, keine andere Wahl haben werden, als dem Referendum fernzubleiben, damit die Wahlbeteiligung unter der 50-Prozent-G\u00fcltigkeitsschwelle liegt.<\/p>\n<p>Csaba D\u00f6m\u00f6t\u00f6r, Staatssekret\u00e4rin des Kabinettsb\u00fcros des Ministerpr\u00e4sidenten, antwortete auf Moln\u00e1rs Ausf\u00fchrungen, die Linke sei \u201cnoch immer einwanderungsfreundlich\u201d.<\/p>\n<p>Die Ausf\u00fchrungen von Gyula Moln\u00e1r deuten deutlich darauf hin, dass die Sozialisten sich immer noch weigern zu kl\u00e4ren, ob sie f\u00fcr oder gegen die \u201cZwangsansiedlung\u201d von Migranten in Ungarn sind, sagte D\u00f6m\u00f6t\u00f6r gegen\u00fcber MTI \u201cIhr Aufruf zum Boykott des Referendums ist ein unwiderlegbarer Beweis daf\u00fcr\u201d, f\u00fcgte er hinzuD\u00f6m\u00f6t\u00f6r sagte, dass von einer Parlamentspartei zu Recht \u201cehrlich\u201d in Angelegenheiten erwartet werden k\u00f6nne, die die Zukunft Europas und Ungarns erheblich beeinflussen.<\/p>\n<p style=\"text-align: center;\">&nbsp;[button link=\u201dhttps:\/\/dailynewshungary.com\/tag\/referendum-on-migrant-quotas\/\u201d type=\u201dbig\u201d color=\u201d green\u201d newwindow=\u201dyes\u201d] Weiterlesen News: REFERENDUM \u00dcBER MIGRANTENQUOTEN [\/button]<\/p>\n","protected":false},"excerpt":{"rendered":"<p>Budapest (MTI) \u2013 Die Sozialistische Partei plant, ihre Kampagne f\u00fcr Ungarns Referendum \u00fcber die Migrantenquote am 1. September zu starten, gab Parteichef Gyula Moln\u00e1r am Montag bekannt. Im Wahlkampf werde die Partei die W\u00e4hler dazu dr\u00e4ngen, sich am 2. Oktober der Stimme zu enthalten, sagte Moln\u00e1r in Ny\u00edregyh\u00e1za im Nordosten Ungarns. \u201cWir vermeiden bewusst das [&hellip;]<\/p>\n","protected":false},"author":2,"featured_media":755985,"comment_status":"open","ping_status":"open","sticky":false,"template":"","format":"standard","meta":{"_acf_changed":false,"_display_image":"","footnotes":""},"categories":[1081],"tags":[1082,1091,3772,1695],"class_list":["post-755984","post","type-post","status-publish","format-standard","has-post-thumbnail","hentry","category-politik","tag-europaische-union","tag-fidesz","tag-referendum-uber-migrantenquoten","tag-sozialisten"],"blocksy_meta":[],"acf":[],"author_username":"alk","telegram_post":"","public_post_metadata":{"breaking_news":"","important":"","csempe":"","center_tile":"","disable_thumbnail":"","target_lang":"","_featured_image_style":"","telegram_post":"","_xlat_group_id":""},"public_rank_math_data":{"title":"%title% %sep% %sitename%","description":"","focus_keyword":"Referendum","canonical_url":"","robots":"","primary_category":"1081","breadcrumb_title":"","facebook_title":"","facebook_description":"","facebook_image":"","facebook_image_id":"","twitter_title":"","twitter_description":"","twitter_image":"","twitter_image_id":"","twitter_card_type":"","twitter_use_facebook":"","advanced_robots":"","pillar_content":"","seo_score":"","contentai_score":"","rich_snippet":""},"_links":{"self":[{"href":"https:\/\/dailynewshungary.com\/de\/wp-json\/wp\/v2\/posts\/755984","targetHints":{"allow":["GET"]}}],"collection":[{"href":"https:\/\/dailynewshungary.com\/de\/wp-json\/wp\/v2\/posts"}],"about":[{"href":"https:\/\/dailynewshungary.com\/de\/wp-json\/wp\/v2\/types\/post"}],"author":[{"embeddable":true,"href":"https:\/\/dailynewshungary.com\/de\/wp-json\/wp\/v2\/users\/2"}],"replies":[{"embeddable":true,"href":"https:\/\/dailynewshungary.com\/de\/wp-json\/wp\/v2\/comments?post=755984"}],"version-history":[{"count":0,"href":"https:\/\/dailynewshungary.com\/de\/wp-json\/wp\/v2\/posts\/755984\/revisions"}],"wp:featuredmedia":[{"embeddable":true,"href":"https:\/\/dailynewshungary.com\/de\/wp-json\/wp\/v2\/media\/755985"}],"wp:attachment":[{"href":"https:\/\/dailynewshungary.com\/de\/wp-json\/wp\/v2\/media?parent=755984"}],"wp:term":[{"taxonomy":"category","embeddable":true,"href":"https:\/\/dailynewshungary.com\/de\/wp-json\/wp\/v2\/categories?post=755984"},{"taxonomy":"post_tag","embeddable":true,"href":"https:\/\/dailynewshungary.com\/de\/wp-json\/wp\/v2\/tags?post=755984"}],"curies":[{"name":"wp","href":"https:\/\/api.w.org\/{rel}","templated":true}]}}