{"id":755992,"date":"2016-08-08T19:20:32","date_gmt":"2016-08-08T17:20:32","guid":{"rendered":"https:\/\/dailynewshungary.com\/de\/ungarns-personalministerium-weist-korruptionsvorwurfe-zuruck\/"},"modified":"2016-08-08T19:20:32","modified_gmt":"2016-08-08T17:20:32","slug":"ungarns-personalministerium-weist-korruptionsvorwurfe-zuruck","status":"publish","type":"post","link":"https:\/\/dailynewshungary.com\/de\/ungarns-personalministerium-weist-korruptionsvorwurfe-zuruck\/","title":{"rendered":"Ungarns Personalministerium weist Korruptionsvorw\u00fcrfe zur\u00fcck"},"content":{"rendered":"<p><strong>Budapest, 8. August (MTI) \u2013 Das Personalministerium wies am Montag Vorw\u00fcrfe der oppositionellen Sozialistischen Partei zur\u00fcck, sie sei an einem Plan beteiligt gewesen, Bestechungsgelder von Sozialgenossenschaften im Austausch f\u00fcr Gef\u00e4lligkeiten bei ihren Angeboten f\u00fcr EU-Gelder entgegenzunehmen.<\/strong><\/p>\n<p>Die politische Wochenzeitung 168 \u00d3ra sagte letzte Woche, dass der Fidesz-Abgeordnete Roland Mengyi 2015 Bestechungsgelder von Sozialgenossenschaften als Gegenleistung f\u00fcr eine Vorzugsbehandlung im Ausschreibungsverfahren f\u00fcr EU-Mittel angefordert habe.<\/p>\n<p>Am Montag zuvor forderte die Sozialistische Partei von Personalminister Zolt\u00e1n Balog, zu verraten, \u201cwann und von wem\u201d er von Mengyis \u201cDeals\u201d erfahren habe und welche Art von ministeriellen Ermittlungen er einzuleiten gedenke.<\/p>\n<p>Das Personalministerium wies die Vorw\u00fcrfe der Sozialistischen Partei in einer Erkl\u00e4rung zur\u00fcck und sagte, dass die Partei \u201edas Ministerium unter Berufung auf Presseberichte verunglimpfen will\u201cDas Ministerium sagte, die im Artikel von 168 \u00d3ra erw\u00e4hnten Angebote f\u00fcr Mittel des Social Renewal Operative Program seien vom Ministerium abgelehnt worden. Da keine Zuschussvereinbarungen unterzeichnet wurden, gebe es keine M\u00f6glichkeit, die EU-Mittel zu missbrauchen, argumentierte das Ministerium.<\/p>\n<p>Auch Mengyi selbst wies die Vorw\u00fcrfe letzte Woche in einer Erkl\u00e4rung zur\u00fcck und sagte, er sei bereit, auf seine Immunit\u00e4t zu verzichten, wenn dies die Ermittlungen beg\u00fcnstige oder die Staatsanwaltschaft dies beantrage.<\/p>\n<p style=\"text-align: center;\">[button link=\u201dhttps:\/\/dailynewshungary.com\/survey-orban-considered-wohlhabend-dictator-fidesz-considered-corrupt\/\u201d type=\u201dbig\u201d color=\u201d red\u201d newwindow=\u201dyes\u201d] UMFRAGE: ORB\u00c1N GILT ALS WOHLHABENDER DIKTATOR UND FIDESZ GILT ALS KORRUPT [\/button]<\/p>\n<p>Bernadett Sz\u00e9l, Co-Vorsitzende der Oppositionellen LMP, sagte letzte Woche, dass sie eine Sondersitzung des nationalen Sicherheitsausschusses des Parlaments einleiten werde, um sich Audioaufnahmen anzuh\u00f6ren, die die Polizei w\u00e4hrend ihrer Untersuchung des Falles gemacht habe.<\/p>\n<p>Der sozialistische Abgeordnete Bal\u00e1zs B\u00e1r\u00e1ny sagte, die Partei werde Strafanzeige gegen Mengyi wegen Amtsmissbrauchs und Betrugs erstatten und forderte den R\u00fccktritt des Fidesz-Abgeordneten mit sofortiger Wirkung. Er f\u00fcgte hinzu, dass sich seine Partei in dieser Angelegenheit an die Betrugsbek\u00e4mpfungsbeh\u00f6rde der EU wenden werde.<\/p>\n","protected":false},"excerpt":{"rendered":"<p>Budapest, 8. August (MTI) \u2013 Das Personalministerium wies am Montag Vorw\u00fcrfe der oppositionellen Sozialistischen Partei zur\u00fcck, sie sei an einem Plan beteiligt gewesen, Bestechungsgelder von Sozialgenossenschaften im Austausch f\u00fcr Gef\u00e4lligkeiten bei ihren Angeboten f\u00fcr EU-Gelder entgegenzunehmen. Die politische Wochenzeitung 168 \u00d3ra sagte letzte Woche, dass der Fidesz-Abgeordnete Roland Mengyi 2015 Bestechungsgelder von Sozialgenossenschaften als Gegenleistung [&hellip;]<\/p>\n","protected":false},"author":2,"featured_media":755993,"comment_status":"open","ping_status":"open","sticky":false,"template":"","format":"standard","meta":{"_acf_changed":false,"_display_image":"","footnotes":""},"categories":[1081],"tags":[1082,1091,1279,1695],"class_list":["post-755992","post","type-post","status-publish","format-standard","has-post-thumbnail","hentry","category-politik","tag-europaische-union","tag-fidesz","tag-korruption","tag-sozialisten"],"blocksy_meta":[],"acf":[],"author_username":"alk","telegram_post":"","public_post_metadata":{"breaking_news":"","important":"","csempe":"","center_tile":"","disable_thumbnail":"","target_lang":"","_featured_image_style":"","telegram_post":"","_xlat_group_id":""},"public_rank_math_data":{"title":"%title% %sep% %sitename%","description":"","focus_keyword":"Korruption","canonical_url":"","robots":"","primary_category":"1081","breadcrumb_title":"","facebook_title":"","facebook_description":"","facebook_image":"","facebook_image_id":"","twitter_title":"","twitter_description":"","twitter_image":"","twitter_image_id":"","twitter_card_type":"","twitter_use_facebook":"","advanced_robots":"","pillar_content":"","seo_score":"","contentai_score":"","rich_snippet":""},"_links":{"self":[{"href":"https:\/\/dailynewshungary.com\/de\/wp-json\/wp\/v2\/posts\/755992","targetHints":{"allow":["GET"]}}],"collection":[{"href":"https:\/\/dailynewshungary.com\/de\/wp-json\/wp\/v2\/posts"}],"about":[{"href":"https:\/\/dailynewshungary.com\/de\/wp-json\/wp\/v2\/types\/post"}],"author":[{"embeddable":true,"href":"https:\/\/dailynewshungary.com\/de\/wp-json\/wp\/v2\/users\/2"}],"replies":[{"embeddable":true,"href":"https:\/\/dailynewshungary.com\/de\/wp-json\/wp\/v2\/comments?post=755992"}],"version-history":[{"count":0,"href":"https:\/\/dailynewshungary.com\/de\/wp-json\/wp\/v2\/posts\/755992\/revisions"}],"wp:featuredmedia":[{"embeddable":true,"href":"https:\/\/dailynewshungary.com\/de\/wp-json\/wp\/v2\/media\/755993"}],"wp:attachment":[{"href":"https:\/\/dailynewshungary.com\/de\/wp-json\/wp\/v2\/media?parent=755992"}],"wp:term":[{"taxonomy":"category","embeddable":true,"href":"https:\/\/dailynewshungary.com\/de\/wp-json\/wp\/v2\/categories?post=755992"},{"taxonomy":"post_tag","embeddable":true,"href":"https:\/\/dailynewshungary.com\/de\/wp-json\/wp\/v2\/tags?post=755992"}],"curies":[{"name":"wp","href":"https:\/\/api.w.org\/{rel}","templated":true}]}}