{"id":756114,"date":"2016-08-03T18:40:45","date_gmt":"2016-08-03T16:40:45","guid":{"rendered":"https:\/\/dailynewshungary.com\/de\/eg-entscheidet-sich-gegen-die-auslosung-von-verstosen-aufgrund-von-tabakversorgungsvereinbarungen\/"},"modified":"2016-08-03T18:40:45","modified_gmt":"2016-08-03T16:40:45","slug":"eg-entscheidet-sich-gegen-die-auslosung-von-verstosen-aufgrund-von-tabakversorgungsvereinbarungen","status":"publish","type":"post","link":"https:\/\/dailynewshungary.com\/de\/eg-entscheidet-sich-gegen-die-auslosung-von-verstosen-aufgrund-von-tabakversorgungsvereinbarungen\/","title":{"rendered":"EG entscheidet sich gegen die Ausl\u00f6sung von Verst\u00f6\u00dfen aufgrund von Tabakversorgungsvereinbarungen"},"content":{"rendered":"<p><strong>Budapest, 3. August (MTI) \u2013 Die Europ\u00e4ische Kommission wird aufgrund der ausschlie\u00dflichen Konzession des Staates zur Belieferung der Tabakgesch\u00e4fte des Landes kein Vertragsverletzungsverfahren gegen Ungarn einleiten.<\/strong><\/p>\n<p>Die Kommission akzeptierte das Argument der Regierung, dass die National Tobacco Supply Company (OBDE) nicht gegen die EU-Wettbewerbsregeln versto\u00dfe, erfuhr MTI aus Quellen in Br\u00fcssel.<\/p>\n<p>J\u00e1nos L\u00e1z\u00e1r, der strategische Kabinettschef, best\u00e4tigte, dass die Generaldirektion Wettbewerb kein Vertragsverletzungsverfahren zu diesem Thema einleiten werde.<\/p>\n<p><em>Foto: rakosvidek.hu<\/em><\/p>\n","protected":false},"excerpt":{"rendered":"<p>Budapest, 3. August (MTI) \u2013 Die Europ\u00e4ische Kommission wird aufgrund der ausschlie\u00dflichen Konzession des Staates zur Belieferung der Tabakgesch\u00e4fte des Landes kein Vertragsverletzungsverfahren gegen Ungarn einleiten. Die Kommission akzeptierte das Argument der Regierung, dass die National Tobacco Supply Company (OBDE) nicht gegen die EU-Wettbewerbsregeln versto\u00dfe, erfuhr MTI aus Quellen in Br\u00fcssel. J\u00e1nos L\u00e1z\u00e1r, der strategische [&hellip;]<\/p>\n","protected":false},"author":2,"featured_media":756115,"comment_status":"open","ping_status":"open","sticky":false,"template":"","format":"standard","meta":{"_acf_changed":false,"_display_image":"","footnotes":""},"categories":[1281],"tags":[1426,1082,1104],"class_list":["post-756114","post","type-post","status-publish","format-standard","has-post-thumbnail","hentry","category-geschaft","tag-europaische-kommission","tag-europaische-union","tag-wirtschaft"],"blocksy_meta":[],"acf":[],"author_username":"alk","telegram_post":"","public_post_metadata":{"breaking_news":"","important":"","csempe":"","center_tile":"","disable_thumbnail":"","target_lang":"","_featured_image_style":"","telegram_post":"","_xlat_group_id":""},"public_rank_math_data":{"title":"%title% %sep% %sitename%","description":"","focus_keyword":"Tabak","canonical_url":"","robots":"","primary_category":"1281","breadcrumb_title":"","facebook_title":"","facebook_description":"","facebook_image":"","facebook_image_id":"","twitter_title":"","twitter_description":"","twitter_image":"","twitter_image_id":"","twitter_card_type":"","twitter_use_facebook":"","advanced_robots":"","pillar_content":"","seo_score":"51","contentai_score":"","rich_snippet":""},"_links":{"self":[{"href":"https:\/\/dailynewshungary.com\/de\/wp-json\/wp\/v2\/posts\/756114","targetHints":{"allow":["GET"]}}],"collection":[{"href":"https:\/\/dailynewshungary.com\/de\/wp-json\/wp\/v2\/posts"}],"about":[{"href":"https:\/\/dailynewshungary.com\/de\/wp-json\/wp\/v2\/types\/post"}],"author":[{"embeddable":true,"href":"https:\/\/dailynewshungary.com\/de\/wp-json\/wp\/v2\/users\/2"}],"replies":[{"embeddable":true,"href":"https:\/\/dailynewshungary.com\/de\/wp-json\/wp\/v2\/comments?post=756114"}],"version-history":[{"count":0,"href":"https:\/\/dailynewshungary.com\/de\/wp-json\/wp\/v2\/posts\/756114\/revisions"}],"wp:featuredmedia":[{"embeddable":true,"href":"https:\/\/dailynewshungary.com\/de\/wp-json\/wp\/v2\/media\/756115"}],"wp:attachment":[{"href":"https:\/\/dailynewshungary.com\/de\/wp-json\/wp\/v2\/media?parent=756114"}],"wp:term":[{"taxonomy":"category","embeddable":true,"href":"https:\/\/dailynewshungary.com\/de\/wp-json\/wp\/v2\/categories?post=756114"},{"taxonomy":"post_tag","embeddable":true,"href":"https:\/\/dailynewshungary.com\/de\/wp-json\/wp\/v2\/tags?post=756114"}],"curies":[{"name":"wp","href":"https:\/\/api.w.org\/{rel}","templated":true}]}}