{"id":756138,"date":"2016-08-02T20:19:10","date_gmt":"2016-08-02T18:19:10","guid":{"rendered":"https:\/\/dailynewshungary.com\/de\/umfrage-ungarn-sind-immer-noch-uberwiegend-gegen-illegale-migration\/"},"modified":"2016-08-02T20:19:10","modified_gmt":"2016-08-02T18:19:10","slug":"umfrage-ungarn-sind-immer-noch-uberwiegend-gegen-illegale-migration","status":"publish","type":"post","link":"https:\/\/dailynewshungary.com\/de\/umfrage-ungarn-sind-immer-noch-uberwiegend-gegen-illegale-migration\/","title":{"rendered":"Umfrage: Ungarn sind immer noch \u00fcberwiegend gegen illegale Migration"},"content":{"rendered":"<p><strong>Budapest, 2. August (MTI) ie Ungarn sind immer noch mit \u00fcberw\u00e4ltigender Mehrheit dagegen, Migranten die illegale Einreise nach Europa zu gestatten, hei\u00dft es in einer am Dienstag ver\u00f6ffentlichten Umfrage der Sz\u00e1zadv\u00e9g-Stiftung<\/strong><\/p>\n<p>Ganze 90 Prozent der 2.004 Erwachsenen in Sz\u00e1zadv\u00e9g gaben an, dass sie gegen illegale Migration seien.<\/p>\n<p>Ein Viertel der Befragten gab an, entweder selbst oder ein naher Verwandter von ihnen habe pers\u00f6nliche Begegnungen mit \u201cirregul\u00e4ren Migranten\u201d gehabt.<\/p>\n<p>Rund drei Viertel derjenigen, die Migranten begegnet waren, bezeichneten ihre Erfahrungen als negativ, 10 Prozent von ihnen gaben an, von Migranten schikaniert worden zu sein.<\/p>\n<p>Die Umfrage ergab auch, dass die meisten Ungarn auf ungarischsprachige Medien angewiesen sind, um mit der Migrationssituation Schritt zu halten, w\u00e4hrend ein Sechstel der Befragten angab, auch Nachrichten von ausl\u00e4ndischen Medien zu erhalten.<\/p>\n<p>Ganze 71 Prozent der Befragten lehnten den Vorschlag der Europ\u00e4ischen Union ab, Asylbewerber automatisch auf die Mitgliedstaaten umzuverteilen.<\/p>\n<p>Insgesamt 56 Prozent gaben an, optimistisch zu sein, was die Wirksamkeit der EU-Hilfe angeht, die an die Herkunftsl\u00e4nder der Migranten und an die EU-Transitl\u00e4nder geht 86 Prozent dieser Befragten gaben jedoch an, dass die Verteilung der Hilfe eine ordnungsgem\u00e4\u00dfe internationale Zusammenarbeit und Aufsicht erfordert.<\/p>\n<p>Die Umfrage wurde zwischen dem 20. und 30. Juni durchgef\u00fchrt.<\/p>\n","protected":false},"excerpt":{"rendered":"<p>Budapest, 2. August (MTI) ie Ungarn sind immer noch mit \u00fcberw\u00e4ltigender Mehrheit dagegen, Migranten die illegale Einreise nach Europa zu gestatten, hei\u00dft es in einer am Dienstag ver\u00f6ffentlichten Umfrage der Sz\u00e1zadv\u00e9g-Stiftung Ganze 90 Prozent der 2.004 Erwachsenen in Sz\u00e1zadv\u00e9g gaben an, dass sie gegen illegale Migration seien. Ein Viertel der Befragten gab an, entweder selbst [&hellip;]<\/p>\n","protected":false},"author":2,"featured_media":756139,"comment_status":"open","ping_status":"open","sticky":false,"template":"","format":"standard","meta":{"_acf_changed":false,"_display_image":"","footnotes":""},"categories":[1098],"tags":[1082,1445,1139],"class_list":["post-756138","post","type-post","status-publish","format-standard","has-post-thumbnail","hentry","category-gesellschaft","tag-europaische-union","tag-migration","tag-umfrage"],"blocksy_meta":[],"acf":[],"author_username":"alk","telegram_post":"","public_post_metadata":{"breaking_news":"","important":"","csempe":"","center_tile":"","disable_thumbnail":"","target_lang":"","_featured_image_style":"","telegram_post":"","_xlat_group_id":""},"public_rank_math_data":{"title":"%title% %sep% %sitename%","description":"","focus_keyword":"","canonical_url":"","robots":"","primary_category":"1098","breadcrumb_title":"","facebook_title":"","facebook_description":"","facebook_image":"","facebook_image_id":"","twitter_title":"","twitter_description":"","twitter_image":"","twitter_image_id":"","twitter_card_type":"","twitter_use_facebook":"","advanced_robots":"","pillar_content":"","seo_score":"","contentai_score":"","rich_snippet":""},"_links":{"self":[{"href":"https:\/\/dailynewshungary.com\/de\/wp-json\/wp\/v2\/posts\/756138","targetHints":{"allow":["GET"]}}],"collection":[{"href":"https:\/\/dailynewshungary.com\/de\/wp-json\/wp\/v2\/posts"}],"about":[{"href":"https:\/\/dailynewshungary.com\/de\/wp-json\/wp\/v2\/types\/post"}],"author":[{"embeddable":true,"href":"https:\/\/dailynewshungary.com\/de\/wp-json\/wp\/v2\/users\/2"}],"replies":[{"embeddable":true,"href":"https:\/\/dailynewshungary.com\/de\/wp-json\/wp\/v2\/comments?post=756138"}],"version-history":[{"count":0,"href":"https:\/\/dailynewshungary.com\/de\/wp-json\/wp\/v2\/posts\/756138\/revisions"}],"wp:featuredmedia":[{"embeddable":true,"href":"https:\/\/dailynewshungary.com\/de\/wp-json\/wp\/v2\/media\/756139"}],"wp:attachment":[{"href":"https:\/\/dailynewshungary.com\/de\/wp-json\/wp\/v2\/media?parent=756138"}],"wp:term":[{"taxonomy":"category","embeddable":true,"href":"https:\/\/dailynewshungary.com\/de\/wp-json\/wp\/v2\/categories?post=756138"},{"taxonomy":"post_tag","embeddable":true,"href":"https:\/\/dailynewshungary.com\/de\/wp-json\/wp\/v2\/tags?post=756138"}],"curies":[{"name":"wp","href":"https:\/\/api.w.org\/{rel}","templated":true}]}}