{"id":756142,"date":"2016-08-02T18:16:05","date_gmt":"2016-08-02T16:16:05","guid":{"rendered":"https:\/\/dailynewshungary.com\/de\/fidesz-migration-wird-den-kontinent-wegspulen-wenn-europa-nicht-handelt\/"},"modified":"2016-08-02T18:16:05","modified_gmt":"2016-08-02T16:16:05","slug":"fidesz-migration-wird-den-kontinent-wegspulen-wenn-europa-nicht-handelt","status":"publish","type":"post","link":"https:\/\/dailynewshungary.com\/de\/fidesz-migration-wird-den-kontinent-wegspulen-wenn-europa-nicht-handelt\/","title":{"rendered":"Fidesz: Migration wird den Kontinent \u2018wegsp\u00fclen\u2019, wenn Europa nicht handelt"},"content":{"rendered":"<p><strong>Budapest, 2. August (MTI) \u2013 Wenn es Europa nicht gelingt, die massive Einwanderung zu stoppen, wird der Zustrom von Migranten den Kontinent \u201cwegsp\u00fclen\u201d, sagte der Fraktionsvorsitzende der Regierungspartei Fidesz am Dienstag.<\/strong><\/p>\n<p>Europa m\u00fcsse Nein zur Migration sagen, seine Grenzen sch\u00fctzen und die Sicherheit seiner B\u00fcrger garantieren, sagte Lajos K\u00f3sa auf einer PressekonferenzEr sagte, es sei \u201chypokritisch\u201d von der Europ\u00e4ischen Union, die Aufnahme von Migranten weiterhin zu unterst\u00fctzen.<\/p>\n<p>K\u00f3sa \u00e4u\u00dferte die Hoffnung auf eine hohe Beteiligung am ungarischen Referendum vom 2. Oktober \u00fcber die obligatorische Migrantenquotenregelung der EU.<\/p>\n<p>Er sagte, alle Terroranschl\u00e4ge, die in den vergangenen Wochen in ganz Europa ver\u00fcbt wurden, seien offenbar von Menschen mit \u201cMigrantenhintergrund\u201d ver\u00fcbt worden, Er f\u00fcgte hinzu, dass es seit Beginn der Migrantenkrise einen Anstieg der Bel\u00e4stigung von Frauen gegeben habe.<\/p>\n<p>Die meisten Migranten, die in Europa ankommen, seien illegale Einwanderer, \u201cdie ihr Leben in der EU mit einem bewussten Gesetzesversto\u00df beginnen\u201d, sagte K\u00f3sa \u201cWenn wir diesen Menschen helfen wollen, dann m\u00fcssen wir ihnen in ihren Heimatl\u00e4ndern helfen, nicht in Europa\u201d, f\u00fcgte er hinzu.<\/p>\n<p>Zu einem anderen Thema verwarf K\u00f3sa Berichte, wonach bestimmte Stra\u00dfenbauprojekte abgesagt w\u00fcrden. Er r\u00e4umte ein, dass es bestimmte Projekte gegeben habe, die in der Planungsphase auf Probleme gesto\u00dfen seien, sagte jedoch, er habe keine Kenntnis von Projekten, die abgesagt worden seien.<\/p>\n<p><em>Foto: Bal\u00e1zs B\u00e9li<\/em><\/p>\n","protected":false},"excerpt":{"rendered":"<p>Budapest, 2. August (MTI) \u2013 Wenn es Europa nicht gelingt, die massive Einwanderung zu stoppen, wird der Zustrom von Migranten den Kontinent \u201cwegsp\u00fclen\u201d, sagte der Fraktionsvorsitzende der Regierungspartei Fidesz am Dienstag. Europa m\u00fcsse Nein zur Migration sagen, seine Grenzen sch\u00fctzen und die Sicherheit seiner B\u00fcrger garantieren, sagte Lajos K\u00f3sa auf einer PressekonferenzEr sagte, es sei [&hellip;]<\/p>\n","protected":false},"author":2,"featured_media":756143,"comment_status":"open","ping_status":"open","sticky":false,"template":"","format":"standard","meta":{"_acf_changed":false,"_display_image":"","footnotes":""},"categories":[1081],"tags":[1082,1091,1445],"class_list":["post-756142","post","type-post","status-publish","format-standard","has-post-thumbnail","hentry","category-politik","tag-europaische-union","tag-fidesz","tag-migration"],"blocksy_meta":[],"acf":[],"author_username":"alk","telegram_post":"","public_post_metadata":{"breaking_news":"","important":"","csempe":"","center_tile":"","disable_thumbnail":"","target_lang":"","_featured_image_style":"","telegram_post":"","_xlat_group_id":""},"public_rank_math_data":{"title":"%title% %sep% %sitename%","description":"","focus_keyword":"","canonical_url":"","robots":"","primary_category":"1081","breadcrumb_title":"","facebook_title":"","facebook_description":"","facebook_image":"","facebook_image_id":"","twitter_title":"","twitter_description":"","twitter_image":"","twitter_image_id":"","twitter_card_type":"","twitter_use_facebook":"","advanced_robots":"","pillar_content":"","seo_score":"","contentai_score":"","rich_snippet":""},"_links":{"self":[{"href":"https:\/\/dailynewshungary.com\/de\/wp-json\/wp\/v2\/posts\/756142","targetHints":{"allow":["GET"]}}],"collection":[{"href":"https:\/\/dailynewshungary.com\/de\/wp-json\/wp\/v2\/posts"}],"about":[{"href":"https:\/\/dailynewshungary.com\/de\/wp-json\/wp\/v2\/types\/post"}],"author":[{"embeddable":true,"href":"https:\/\/dailynewshungary.com\/de\/wp-json\/wp\/v2\/users\/2"}],"replies":[{"embeddable":true,"href":"https:\/\/dailynewshungary.com\/de\/wp-json\/wp\/v2\/comments?post=756142"}],"version-history":[{"count":0,"href":"https:\/\/dailynewshungary.com\/de\/wp-json\/wp\/v2\/posts\/756142\/revisions"}],"wp:featuredmedia":[{"embeddable":true,"href":"https:\/\/dailynewshungary.com\/de\/wp-json\/wp\/v2\/media\/756143"}],"wp:attachment":[{"href":"https:\/\/dailynewshungary.com\/de\/wp-json\/wp\/v2\/media?parent=756142"}],"wp:term":[{"taxonomy":"category","embeddable":true,"href":"https:\/\/dailynewshungary.com\/de\/wp-json\/wp\/v2\/categories?post=756142"},{"taxonomy":"post_tag","embeddable":true,"href":"https:\/\/dailynewshungary.com\/de\/wp-json\/wp\/v2\/tags?post=756142"}],"curies":[{"name":"wp","href":"https:\/\/api.w.org\/{rel}","templated":true}]}}