{"id":756149,"date":"2016-08-02T14:07:29","date_gmt":"2016-08-02T12:07:29","guid":{"rendered":"https:\/\/dailynewshungary.com\/de\/drohung-mit-einem-juncker-verletzungsverfahren-durfte-eine-angsttaktik-sein-sagt-rechtsexperte\/"},"modified":"2016-08-02T14:07:29","modified_gmt":"2016-08-02T12:07:29","slug":"drohung-mit-einem-juncker-verletzungsverfahren-durfte-eine-angsttaktik-sein-sagt-rechtsexperte","status":"publish","type":"post","link":"https:\/\/dailynewshungary.com\/de\/drohung-mit-einem-juncker-verletzungsverfahren-durfte-eine-angsttaktik-sein-sagt-rechtsexperte\/","title":{"rendered":"Drohung mit einem Juncker-Verletzungsverfahren d\u00fcrfte eine Angsttaktik sein, sagt Rechtsexperte"},"content":{"rendered":"<p><strong>Budapest, 2. August (MTI) \u2013 Der Pr\u00e4sident der Europ\u00e4ischen Kommission, Jean-Claude Juncker, verwies auf ein m\u00f6gliches Vertragsverletzungsverfahren gegen Ungarn nicht wegen des Referendums \u00fcber die Migrantenquote selbst, sondern wegen seiner wahrscheinlichen rechtlichen Konsequenzen, sagte ein Rechtsexperte am Dienstag.<\/strong><\/p>\n<p>Juncker sagte k\u00fcrzlich der \u00f6sterreichischen Tageszeitung Kurier, dass die Rechtssicherheit gef\u00e4hrdet sei, wenn die Mitgliedstaaten Referenden \u00fcber alle Entscheidungen der Europ\u00e4ischen Kommission oder des Europ\u00e4ischen Rates abhalten w\u00fcrden.<\/p>\n<p>Norbert T\u00f3th, Professor an der National Public Service University, wurde vom \u00f6ffentlich-rechtlichen Radio Kossuth gefragt, ob die Kommission eine Rechtsgrundlage h\u00e4tte, um im Zusammenhang mit dem ungarischen Referendum ein Vertragsverletzungsverfahren einzuleiten.<\/p>\n<p>Er sagte, das Parlament m\u00fcsse auf das Ergebnis des Referendums reagieren, indem es entweder die Verfassung oder Gesetze \u00e4ndere, eine parlamentarische Resolution oder eine Kombination davon billigeDiese Gesetzgebung k\u00f6nne im Widerspruch zum Basisvertrag der Europ\u00e4ischen Union oder den Verpflichtungen stehen, die sich aus dem Vertrag ergeben, in diesem Fall k\u00f6nne es zu einem Vertragsverletzungsverfahren kommen, sagte er.<\/p>\n<p>Juncker habe das Thema in seinem Interview als zuk\u00fcnftige M\u00f6glichkeit angesprochen, sodass seine Kommentare als Angsttaktik angesehen werden k\u00f6nnten, f\u00fcgte T\u00f3th hinzu.<\/p>\n<p>Gegen keinen Mitgliedstaat sei im Zusammenhang mit der im vergangenen Jahr beschlossenen Quotenentscheidung ein Vertragsverletzungsverfahren eingeleitet worden, sagte er und f\u00fcgte hinzu, dass dies kein Zufall sei.<\/p>\n<p><iframe loading=\"lazy\" style=\"border: none; overflow: hidden;\" src=\"https:\/\/www.facebook.com\/plugins\/post.php?href=https%3A%2F%2Fwww.facebook.com%2Fdailynewshungary%2Fposts%2F1062531870449050&amp;width=500\" width=\"500\" height=\"525\" frameborder=\"0\" scrolling=\"no\"><\/iframe><\/p>\n","protected":false},"excerpt":{"rendered":"<p>Budapest, 2. August (MTI) \u2013 Der Pr\u00e4sident der Europ\u00e4ischen Kommission, Jean-Claude Juncker, verwies auf ein m\u00f6gliches Vertragsverletzungsverfahren gegen Ungarn nicht wegen des Referendums \u00fcber die Migrantenquote selbst, sondern wegen seiner wahrscheinlichen rechtlichen Konsequenzen, sagte ein Rechtsexperte am Dienstag. Juncker sagte k\u00fcrzlich der \u00f6sterreichischen Tageszeitung Kurier, dass die Rechtssicherheit gef\u00e4hrdet sei, wenn die Mitgliedstaaten Referenden \u00fcber [&hellip;]<\/p>\n","protected":false},"author":2,"featured_media":756150,"comment_status":"open","ping_status":"open","sticky":false,"template":"","format":"standard","meta":{"_acf_changed":false,"_display_image":"","footnotes":""},"categories":[1081],"tags":[1426,1082],"class_list":["post-756149","post","type-post","status-publish","format-standard","has-post-thumbnail","hentry","category-politik","tag-europaische-kommission","tag-europaische-union"],"blocksy_meta":[],"acf":[],"author_username":"alk","telegram_post":"","public_post_metadata":{"breaking_news":"","important":"","csempe":"","center_tile":"","disable_thumbnail":"","target_lang":"","_featured_image_style":"","telegram_post":"","_xlat_group_id":""},"public_rank_math_data":{"title":"%title% %sep% %sitename%","description":"","focus_keyword":"","canonical_url":"","robots":"","primary_category":"1081","breadcrumb_title":"","facebook_title":"","facebook_description":"","facebook_image":"","facebook_image_id":"","twitter_title":"","twitter_description":"","twitter_image":"","twitter_image_id":"","twitter_card_type":"","twitter_use_facebook":"","advanced_robots":"","pillar_content":"","seo_score":"","contentai_score":"","rich_snippet":""},"_links":{"self":[{"href":"https:\/\/dailynewshungary.com\/de\/wp-json\/wp\/v2\/posts\/756149","targetHints":{"allow":["GET"]}}],"collection":[{"href":"https:\/\/dailynewshungary.com\/de\/wp-json\/wp\/v2\/posts"}],"about":[{"href":"https:\/\/dailynewshungary.com\/de\/wp-json\/wp\/v2\/types\/post"}],"author":[{"embeddable":true,"href":"https:\/\/dailynewshungary.com\/de\/wp-json\/wp\/v2\/users\/2"}],"replies":[{"embeddable":true,"href":"https:\/\/dailynewshungary.com\/de\/wp-json\/wp\/v2\/comments?post=756149"}],"version-history":[{"count":0,"href":"https:\/\/dailynewshungary.com\/de\/wp-json\/wp\/v2\/posts\/756149\/revisions"}],"wp:featuredmedia":[{"embeddable":true,"href":"https:\/\/dailynewshungary.com\/de\/wp-json\/wp\/v2\/media\/756150"}],"wp:attachment":[{"href":"https:\/\/dailynewshungary.com\/de\/wp-json\/wp\/v2\/media?parent=756149"}],"wp:term":[{"taxonomy":"category","embeddable":true,"href":"https:\/\/dailynewshungary.com\/de\/wp-json\/wp\/v2\/categories?post=756149"},{"taxonomy":"post_tag","embeddable":true,"href":"https:\/\/dailynewshungary.com\/de\/wp-json\/wp\/v2\/tags?post=756149"}],"curies":[{"name":"wp","href":"https:\/\/api.w.org\/{rel}","templated":true}]}}