{"id":756151,"date":"2016-08-02T13:20:32","date_gmt":"2016-08-02T11:20:32","guid":{"rendered":"https:\/\/dailynewshungary.com\/de\/ikarus-zur-erweiterung-der-produktionskapazitat\/"},"modified":"2016-08-02T13:20:32","modified_gmt":"2016-08-02T11:20:32","slug":"ikarus-zur-erweiterung-der-produktionskapazitat","status":"publish","type":"post","link":"https:\/\/dailynewshungary.com\/de\/ikarus-zur-erweiterung-der-produktionskapazitat\/","title":{"rendered":"Ikarus zur Erweiterung der Produktionskapazit\u00e4t"},"content":{"rendered":"<p><strong>Budapest, 2. August (MTI) \u2013 Der ungarische Bushersteller Ikarus wird seine j\u00e4hrliche Produktionskapazit\u00e4t auf 3.000 Busse erweitern, als Reaktion auf den Aktionsplan der Regierung zur Unterst\u00fctzung der lokalen Busherstellung.<\/strong><\/p>\n<p>Ikarus rechnet damit, f\u00fcr jeden auf dem Inlandsmarkt verkauften Bus zwei Busse zu exportieren, sagte der Firmeninhaber G\u00e1bor Sz\u00e9les der Dienstagausgabe von Magyar H\u00edrlap.<\/p>\n<p>Die j\u00e4hrliche Produktionskapazit\u00e4t an seinem St\u00fctzpunkt in Szekesfeh\u00e9rv\u00e1r im Nordwesten Ungarns betrug in seiner Bl\u00fctezeit fr\u00fcher 6.000 Busse, sodass 3.000 Einheiten leicht in Reichweite seien, sagte er und f\u00fcgte hinzu, dass die Maschinen f\u00fcr die Produktion bis Ende September betriebsbereit sein sollten.<\/p>\n","protected":false},"excerpt":{"rendered":"<p>Budapest, 2. August (MTI) \u2013 Der ungarische Bushersteller Ikarus wird seine j\u00e4hrliche Produktionskapazit\u00e4t auf 3.000 Busse erweitern, als Reaktion auf den Aktionsplan der Regierung zur Unterst\u00fctzung der lokalen Busherstellung. Ikarus rechnet damit, f\u00fcr jeden auf dem Inlandsmarkt verkauften Bus zwei Busse zu exportieren, sagte der Firmeninhaber G\u00e1bor Sz\u00e9les der Dienstagausgabe von Magyar H\u00edrlap. Die j\u00e4hrliche [&hellip;]<\/p>\n","protected":false},"author":2,"featured_media":756152,"comment_status":"open","ping_status":"open","sticky":false,"template":"","format":"standard","meta":{"_acf_changed":false,"_display_image":"","footnotes":""},"categories":[1281],"tags":[1297],"class_list":["post-756151","post","type-post","status-publish","format-standard","has-post-thumbnail","hentry","category-geschaft","tag-transport"],"blocksy_meta":[],"acf":[],"author_username":"alk","telegram_post":"","public_post_metadata":{"breaking_news":"","important":"","csempe":"","center_tile":"","disable_thumbnail":"","target_lang":"","_featured_image_style":"","telegram_post":"","_xlat_group_id":""},"public_rank_math_data":{"title":"%title% %sep% %sitename%","description":"","focus_keyword":"Bus","canonical_url":"","robots":"","primary_category":"1281","breadcrumb_title":"","facebook_title":"","facebook_description":"","facebook_image":"","facebook_image_id":"","twitter_title":"","twitter_description":"","twitter_image":"","twitter_image_id":"","twitter_card_type":"","twitter_use_facebook":"","advanced_robots":"","pillar_content":"","seo_score":"16","contentai_score":"","rich_snippet":""},"_links":{"self":[{"href":"https:\/\/dailynewshungary.com\/de\/wp-json\/wp\/v2\/posts\/756151","targetHints":{"allow":["GET"]}}],"collection":[{"href":"https:\/\/dailynewshungary.com\/de\/wp-json\/wp\/v2\/posts"}],"about":[{"href":"https:\/\/dailynewshungary.com\/de\/wp-json\/wp\/v2\/types\/post"}],"author":[{"embeddable":true,"href":"https:\/\/dailynewshungary.com\/de\/wp-json\/wp\/v2\/users\/2"}],"replies":[{"embeddable":true,"href":"https:\/\/dailynewshungary.com\/de\/wp-json\/wp\/v2\/comments?post=756151"}],"version-history":[{"count":0,"href":"https:\/\/dailynewshungary.com\/de\/wp-json\/wp\/v2\/posts\/756151\/revisions"}],"wp:featuredmedia":[{"embeddable":true,"href":"https:\/\/dailynewshungary.com\/de\/wp-json\/wp\/v2\/media\/756152"}],"wp:attachment":[{"href":"https:\/\/dailynewshungary.com\/de\/wp-json\/wp\/v2\/media?parent=756151"}],"wp:term":[{"taxonomy":"category","embeddable":true,"href":"https:\/\/dailynewshungary.com\/de\/wp-json\/wp\/v2\/categories?post=756151"},{"taxonomy":"post_tag","embeddable":true,"href":"https:\/\/dailynewshungary.com\/de\/wp-json\/wp\/v2\/tags?post=756151"}],"curies":[{"name":"wp","href":"https:\/\/api.w.org\/{rel}","templated":true}]}}