{"id":756163,"date":"2016-08-01T22:49:21","date_gmt":"2016-08-01T20:49:21","guid":{"rendered":"https:\/\/dailynewshungary.com\/de\/ungarns-ausenminister-juncker-will-die-demokratie-vor-dem-volk-schutzen\/"},"modified":"2016-08-01T22:49:21","modified_gmt":"2016-08-01T20:49:21","slug":"ungarns-ausenminister-juncker-will-die-demokratie-vor-dem-volk-schutzen","status":"publish","type":"post","link":"https:\/\/dailynewshungary.com\/de\/ungarns-ausenminister-juncker-will-die-demokratie-vor-dem-volk-schutzen\/","title":{"rendered":"Ungarns Au\u00dfenminister: Juncker will die Demokratie vor dem Volk sch\u00fctzen"},"content":{"rendered":"<p><strong>Am Samstag erkl\u00e4rte der Minister f\u00fcr ausw\u00e4rtige Angelegenheiten und Handel P\u00e9ter Szijj\u00e1rt\u00f3 in einer Erkl\u00e4rung gegen\u00fcber der ungarischen Nachrichtenagentur MTI, dass der Pr\u00e4sident der Europ\u00e4ischen Kommission (EK) Jean-Claude Juncker die Demokratie vor dem Volk sch\u00fctzen wolle.<\/strong><\/p>\n<p>Der Minister reagierte auf eine Erkl\u00e4rung von Herrn Juncker gegen\u00fcber der \u00f6sterreichischen Tageszeitung Kurier, in der er sagte, dass die Abhaltung von Referenden \u00fcber jede Entscheidung des Europ\u00e4ischen Rates und des Europ\u00e4ischen Parlaments von nun an eine Bedrohung der Rechtssicherheit darstelle Er f\u00fcgte au\u00dferdem hinzu, dass das System der Umsiedlungsquoten auf dem Prinzip der Solidarit\u00e4t beruhe.<\/p>\n<p>Laut Herrn Szijj\u00e1rt\u00f3 basieren die obligatorischen Umsiedlungsquoten jedoch auf dem \u201ePrinzip der Dummheit\u201cund die Menschen in Ungarn haben das Recht, in diesen kritischen Fragen ihre Meinung zu \u00e4u\u00dfern. \u201eVor allem dann, wenn\u201cTerroranschl\u00e4ge und Morde von integrationsunf\u00e4higen Migranten\u201d in Europa zur Routine geworden sind, f\u00fcgte er hinzu.<\/p>\n<p><em>Foto: MTI\/EPA\/Patrick Seeger<\/em><\/p>\n","protected":false},"excerpt":{"rendered":"<p>Am Samstag erkl\u00e4rte der Minister f\u00fcr ausw\u00e4rtige Angelegenheiten und Handel P\u00e9ter Szijj\u00e1rt\u00f3 in einer Erkl\u00e4rung gegen\u00fcber der ungarischen Nachrichtenagentur MTI, dass der Pr\u00e4sident der Europ\u00e4ischen Kommission (EK) Jean-Claude Juncker die Demokratie vor dem Volk sch\u00fctzen wolle. Der Minister reagierte auf eine Erkl\u00e4rung von Herrn Juncker gegen\u00fcber der \u00f6sterreichischen Tageszeitung Kurier, in der er sagte, dass [&hellip;]<\/p>\n","protected":false},"author":2,"featured_media":756164,"comment_status":"open","ping_status":"open","sticky":false,"template":"","format":"standard","meta":{"_acf_changed":false,"_display_image":"","footnotes":""},"categories":[1081],"tags":[1169,1426,1082],"class_list":["post-756163","post","type-post","status-publish","format-standard","has-post-thumbnail","hentry","category-politik","tag-aussenministerium-von-ungarn","tag-europaische-kommission","tag-europaische-union"],"blocksy_meta":[],"acf":[],"author_username":"alk","telegram_post":"","public_post_metadata":{"breaking_news":"","important":"","csempe":"","center_tile":"","disable_thumbnail":"","target_lang":"","_featured_image_style":"","telegram_post":"","_xlat_group_id":""},"public_rank_math_data":{"title":"%title% %sep% %sitename%","description":"","focus_keyword":"","canonical_url":"","robots":"","primary_category":"1081","breadcrumb_title":"","facebook_title":"","facebook_description":"","facebook_image":"","facebook_image_id":"","twitter_title":"","twitter_description":"","twitter_image":"","twitter_image_id":"","twitter_card_type":"","twitter_use_facebook":"","advanced_robots":"","pillar_content":"","seo_score":"","contentai_score":"","rich_snippet":""},"_links":{"self":[{"href":"https:\/\/dailynewshungary.com\/de\/wp-json\/wp\/v2\/posts\/756163","targetHints":{"allow":["GET"]}}],"collection":[{"href":"https:\/\/dailynewshungary.com\/de\/wp-json\/wp\/v2\/posts"}],"about":[{"href":"https:\/\/dailynewshungary.com\/de\/wp-json\/wp\/v2\/types\/post"}],"author":[{"embeddable":true,"href":"https:\/\/dailynewshungary.com\/de\/wp-json\/wp\/v2\/users\/2"}],"replies":[{"embeddable":true,"href":"https:\/\/dailynewshungary.com\/de\/wp-json\/wp\/v2\/comments?post=756163"}],"version-history":[{"count":0,"href":"https:\/\/dailynewshungary.com\/de\/wp-json\/wp\/v2\/posts\/756163\/revisions"}],"wp:featuredmedia":[{"embeddable":true,"href":"https:\/\/dailynewshungary.com\/de\/wp-json\/wp\/v2\/media\/756164"}],"wp:attachment":[{"href":"https:\/\/dailynewshungary.com\/de\/wp-json\/wp\/v2\/media?parent=756163"}],"wp:term":[{"taxonomy":"category","embeddable":true,"href":"https:\/\/dailynewshungary.com\/de\/wp-json\/wp\/v2\/categories?post=756163"},{"taxonomy":"post_tag","embeddable":true,"href":"https:\/\/dailynewshungary.com\/de\/wp-json\/wp\/v2\/tags?post=756163"}],"curies":[{"name":"wp","href":"https:\/\/api.w.org\/{rel}","templated":true}]}}