{"id":756249,"date":"2016-07-29T10:10:01","date_gmt":"2016-07-29T08:10:01","guid":{"rendered":"https:\/\/dailynewshungary.com\/de\/millenaris-park-soll-erweitert-werden-fotos\/"},"modified":"2016-07-29T10:10:01","modified_gmt":"2016-07-29T08:10:01","slug":"millenaris-park-soll-erweitert-werden-fotos","status":"publish","type":"post","link":"https:\/\/dailynewshungary.com\/de\/millenaris-park-soll-erweitert-werden-fotos\/","title":{"rendered":"Millen\u00e1ris Park soll erweitert werden. Fotos"},"content":{"rendered":"<p><strong>Budapest, 29. Juli (MTI) \u201eDie Arbeiten zur Erweiterung des Millen\u00e1ris-Parks im 2. Bezirk in Buda werden bald beginnen, wobei eine Tiefgarage f\u00fcr 500 Autos und angelegte G\u00e4rten zu den Pl\u00e4nen geh\u00f6ren, sagte der Wirtschaftsminister gegen\u00fcber MTI.<\/strong><\/p>\n<p>Die Entw\u00fcrfe f\u00fcr das 2,5 Hektar gro\u00dfe Gel\u00e4nde seien fertig und das Verfahren zur Einholung der entsprechenden Genehmigungen sei im Gange, sagte Mih\u00e1ly Varga, der Abgeordnete, der den 2. und 3. Bezirk von Budapest vertritt.<\/p>\n<p>Der Park, der abgerissene Geb\u00e4ude ersetzt, wird auch Spielpl\u00e4tze und ein Wassererholungsspiel umfassen. Au\u00dferdem werden auf dem Gel\u00e4nde zwei Kaffeeh\u00e4user er\u00f6ffnet und es werden Geb\u00fchren f\u00fcr Elektrofahrzeuge zur Verf\u00fcgung stehen, wodurch die ehemalige Brachfl\u00e4che saniert wird. F\u00fcr die Stromversorgung der Entwicklung wird umweltfreundliche Energietechnologie eingesetzt.<\/p>\n<p>Dar\u00fcber hinaus werde der Rest des 16 Jahre alten Millen\u00e1ris-Parks mit neuen Pflaster- und Qualit\u00e4tsparkanlagen umgestaltet, sagte er. Es werde eine Unterf\u00fchrung geschaffen, damit der Verkehr entlang der F\u00e9ny-Stra\u00dfe in Richtung Kis-R\u00f3kus-Stra\u00dfe unterirdisch umgeleitet werde.<\/p>\n<p>Varga versprach, dass die neuen Entwicklungen verschiedene Kulturunternehmen im Zusammenhang mit dem Millen\u00e1ris-Park st\u00e4rken w\u00fcrden.<\/p>\n<p><img loading=\"lazy\" decoding=\"async\" class=\"aligncenter wp-image-77063\" src=\"https:\/\/dailynewshungary.com\/wp-content\/uploads\/2016\/07\/millen\u00e1ris2-300x150.jpg\" alt=\"Budapest, 2016. j\u00falius 29. Ein Nemzetgazdas\u00e1gi Miniszterium (NGM) aaltal k\u00f6zreadott, ein TSPC M\u00e9rn\u00f6kiroda Kft. \u00e1ltal k\u00e9sz\u00edtett l\u00e1tv\u00e1nyterv a meg\u00fajul\u00f3 budai Millen\u00e1ris Park k\u00f6zel 2,5 hekt\u00e1ros \u00faj pihen parkj\u00e1r\u00f3l. MTI Fot\u00f3: NGM\/TSPC M\u00e9rn\u00f6kiroda Kft.\" width=\"600\" height=\"300\" srcset=\"https:\/\/contentf5.dailynewshungary.com\/wp-content\/uploads\/2016\/07\/millen\u00e1ris2-300x150.jpg 300w, https:\/\/contentf5.dailynewshungary.com\/wp-content\/uploads\/2016\/07\/millen\u00e1ris2-768x384.jpg 768w, https:\/\/contentf5.dailynewshungary.com\/wp-content\/uploads\/2016\/07\/millen\u00e1ris2-1024x512.jpg 1024w, https:\/\/contentf5.dailynewshungary.com\/wp-content\/uploads\/2016\/07\/millen\u00e1ris2-220x110.jpg 220w, https:\/\/contentf5.dailynewshungary.com\/wp-content\/uploads\/2016\/07\/millen\u00e1ris2-610x305.jpg 610w, https:\/\/contentf5.dailynewshungary.com\/wp-content\/uploads\/2016\/07\/millen\u00e1ris2-1080x540.jpg 1080w, https:\/\/contentf5.dailynewshungary.com\/wp-content\/uploads\/2016\/07\/millen\u00e1ris2-1280x640.jpg 1280w\" sizes=\"auto, (max-width: 600px) 100vw, 600px\"><\/p>\n<p><img loading=\"lazy\" decoding=\"async\" class=\"aligncenter wp-image-77064\" src=\"https:\/\/dailynewshungary.com\/wp-content\/uploads\/2016\/07\/millen\u00e1ris3-300x200.jpg\" alt=\"Budapest, 2016. j\u00falius 29. Ein Nemzetgazdas\u00e1gi Miniszterium (NGM) aaltal k\u00f6zreadott, ein TSPC M\u00e9rn\u00f6kiroda Kft. \u00e1ltal k\u00e9sz\u00edtett l\u00e1tv\u00e1nyterv a meg\u00fajul\u00f3 budai Millen\u00e1ris Park k\u00f6zel 2,5 hekt\u00e1ros \u00faj pihen parkj\u00e1r\u00f3l. MTI Fot\u00f3: NGM\/TSPC M\u00e9rn\u00f6kiroda Kft.\" width=\"600\" height=\"400\" srcset=\"https:\/\/contentf5.dailynewshungary.com\/wp-content\/uploads\/2016\/07\/millen\u00e1ris3-300x200.jpg 300w, https:\/\/contentf5.dailynewshungary.com\/wp-content\/uploads\/2016\/07\/millen\u00e1ris3-768x512.jpg 768w, https:\/\/contentf5.dailynewshungary.com\/wp-content\/uploads\/2016\/07\/millen\u00e1ris3-1024x683.jpg 1024w, https:\/\/contentf5.dailynewshungary.com\/wp-content\/uploads\/2016\/07\/millen\u00e1ris3-220x147.jpg 220w, https:\/\/contentf5.dailynewshungary.com\/wp-content\/uploads\/2016\/07\/millen\u00e1ris3-610x407.jpg 610w, https:\/\/contentf5.dailynewshungary.com\/wp-content\/uploads\/2016\/07\/millen\u00e1ris3-1080x720.jpg 1080w\" sizes=\"auto, (max-width: 600px) 100vw, 600px\"><\/p>\n<p><img loading=\"lazy\" decoding=\"async\" class=\"aligncenter wp-image-77065\" src=\"https:\/\/dailynewshungary.com\/wp-content\/uploads\/2016\/07\/millen\u00e1ris4-300x150.jpg\" alt=\"Budapest, 2016. j\u00falius 29. Ein Nemzetgazdas\u00e1gi Miniszterium (NGM) aaltal k\u00f6zreadott, ein TSPC M\u00e9rn\u00f6kiroda Kft. \u00e1ltal k\u00e9sz\u00edtett l\u00e1tv\u00e1nyterv a meg\u00fajul\u00f3 budai Millen\u00e1ris Park k\u00f6zel 2,5 hekt\u00e1ros \u00faj pihen parkj\u00e1r\u00f3l. MTI Fot\u00f3: NGM\/TSPC M\u00e9rn\u00f6kiroda Kft.\" width=\"600\" height=\"300\" srcset=\"https:\/\/contentf5.dailynewshungary.com\/wp-content\/uploads\/2016\/07\/millen\u00e1ris4-300x150.jpg 300w, https:\/\/contentf5.dailynewshungary.com\/wp-content\/uploads\/2016\/07\/millen\u00e1ris4-768x384.jpg 768w, https:\/\/contentf5.dailynewshungary.com\/wp-content\/uploads\/2016\/07\/millen\u00e1ris4-1024x512.jpg 1024w, https:\/\/contentf5.dailynewshungary.com\/wp-content\/uploads\/2016\/07\/millen\u00e1ris4-220x110.jpg 220w, https:\/\/contentf5.dailynewshungary.com\/wp-content\/uploads\/2016\/07\/millen\u00e1ris4-610x305.jpg 610w, https:\/\/contentf5.dailynewshungary.com\/wp-content\/uploads\/2016\/07\/millen\u00e1ris4-1080x540.jpg 1080w, https:\/\/contentf5.dailynewshungary.com\/wp-content\/uploads\/2016\/07\/millen\u00e1ris4-1280x640.jpg 1280w\" sizes=\"auto, (max-width: 600px) 100vw, 600px\"><\/p>\n<p><em>Fotos: MTI<\/em><\/p>\n","protected":false},"excerpt":{"rendered":"<p>Budapest, 29. Juli (MTI) \u201eDie Arbeiten zur Erweiterung des Millen\u00e1ris-Parks im 2. Bezirk in Buda werden bald beginnen, wobei eine Tiefgarage f\u00fcr 500 Autos und angelegte G\u00e4rten zu den Pl\u00e4nen geh\u00f6ren, sagte der Wirtschaftsminister gegen\u00fcber MTI. Die Entw\u00fcrfe f\u00fcr das 2,5 Hektar gro\u00dfe Gel\u00e4nde seien fertig und das Verfahren zur Einholung der entsprechenden Genehmigungen sei [&hellip;]<\/p>\n","protected":false},"author":7,"featured_media":756250,"comment_status":"open","ping_status":"open","sticky":false,"template":"","format":"standard","meta":{"_acf_changed":false,"_display_image":"","footnotes":""},"categories":[1151],"tags":[1190,1114,3580],"class_list":["post-756249","post","type-post","status-publish","format-standard","has-post-thumbnail","hentry","category-kulturen","tag-bau","tag-natur","tag-neu"],"blocksy_meta":[],"acf":[],"author_username":"Szandi","telegram_post":"","public_post_metadata":{"breaking_news":"","important":"","csempe":"","center_tile":"","disable_thumbnail":"","target_lang":"","_featured_image_style":"","telegram_post":"","_xlat_group_id":""},"public_rank_math_data":{"title":"%title% %sep% %sitename%","description":"","focus_keyword":"","canonical_url":"","robots":"","primary_category":"1151","breadcrumb_title":"","facebook_title":"","facebook_description":"","facebook_image":"","facebook_image_id":"","twitter_title":"","twitter_description":"","twitter_image":"","twitter_image_id":"","twitter_card_type":"","twitter_use_facebook":"","advanced_robots":"","pillar_content":"","seo_score":"","contentai_score":"","rich_snippet":""},"_links":{"self":[{"href":"https:\/\/dailynewshungary.com\/de\/wp-json\/wp\/v2\/posts\/756249","targetHints":{"allow":["GET"]}}],"collection":[{"href":"https:\/\/dailynewshungary.com\/de\/wp-json\/wp\/v2\/posts"}],"about":[{"href":"https:\/\/dailynewshungary.com\/de\/wp-json\/wp\/v2\/types\/post"}],"author":[{"embeddable":true,"href":"https:\/\/dailynewshungary.com\/de\/wp-json\/wp\/v2\/users\/7"}],"replies":[{"embeddable":true,"href":"https:\/\/dailynewshungary.com\/de\/wp-json\/wp\/v2\/comments?post=756249"}],"version-history":[{"count":0,"href":"https:\/\/dailynewshungary.com\/de\/wp-json\/wp\/v2\/posts\/756249\/revisions"}],"wp:featuredmedia":[{"embeddable":true,"href":"https:\/\/dailynewshungary.com\/de\/wp-json\/wp\/v2\/media\/756250"}],"wp:attachment":[{"href":"https:\/\/dailynewshungary.com\/de\/wp-json\/wp\/v2\/media?parent=756249"}],"wp:term":[{"taxonomy":"category","embeddable":true,"href":"https:\/\/dailynewshungary.com\/de\/wp-json\/wp\/v2\/categories?post=756249"},{"taxonomy":"post_tag","embeddable":true,"href":"https:\/\/dailynewshungary.com\/de\/wp-json\/wp\/v2\/tags?post=756249"}],"curies":[{"name":"wp","href":"https:\/\/api.w.org\/{rel}","templated":true}]}}