{"id":756301,"date":"2016-07-27T11:12:32","date_gmt":"2016-07-27T09:12:32","guid":{"rendered":"https:\/\/dailynewshungary.com\/de\/mitarbeiter-des-gemeinderats-rufen-im-september-zum-eintagigen-streik-auf\/"},"modified":"2016-07-27T11:12:32","modified_gmt":"2016-07-27T09:12:32","slug":"mitarbeiter-des-gemeinderats-rufen-im-september-zum-eintagigen-streik-auf","status":"publish","type":"post","link":"https:\/\/dailynewshungary.com\/de\/mitarbeiter-des-gemeinderats-rufen-im-september-zum-eintagigen-streik-auf\/","title":{"rendered":"Mitarbeiter des Gemeinderats rufen im September zum eint\u00e4gigen Streik auf"},"content":{"rendered":"<p><strong>Budapest, 27. Juli (MTI) \u201eAn der Forderung nach einer durchschnittlichen Lohnerh\u00f6hung von 30 Prozent halten die Gemeinderatsmitarbeiter fest und planen, im September einen eint\u00e4gigen Streik abzuhalten, sagte die Tageszeitung Magyar Nemzet unter Berufung auf den Beamten- und Beamtenchef Gewerkschaft MKKSZ.<\/strong><\/p>\n<p>Die Gewerkschaft plant, einen Termin auszuw\u00e4hlen, der ein Referendum \u00fcber obligatorische Umsiedlungsquoten, das am 2. Oktober stattfinden soll, nicht beeintr\u00e4chtigt, sagte Erzs\u00e9bet Boros dem Papier. Die Demonstration m\u00fcsse jedoch im September stattfinden, da die Gewerkschaft eine Gehaltserh\u00f6hung ab Oktober fordere, f\u00fcgte sie hinzu.<\/p>\n<p>Die Gewerkschaft fordere au\u00dferdem die Einf\u00fchrung befristeter Regelungen f\u00fcr Beamte und Beamte, um Bedenken im Zusammenhang mit Gemeinderatsbeamten auszur\u00e4umen, sagte sie.<\/p>\n","protected":false},"excerpt":{"rendered":"<p>Budapest, 27. Juli (MTI) \u201eAn der Forderung nach einer durchschnittlichen Lohnerh\u00f6hung von 30 Prozent halten die Gemeinderatsmitarbeiter fest und planen, im September einen eint\u00e4gigen Streik abzuhalten, sagte die Tageszeitung Magyar Nemzet unter Berufung auf den Beamten- und Beamtenchef Gewerkschaft MKKSZ. Die Gewerkschaft plant, einen Termin auszuw\u00e4hlen, der ein Referendum \u00fcber obligatorische Umsiedlungsquoten, das am 2. [&hellip;]<\/p>\n","protected":false},"author":2,"featured_media":756302,"comment_status":"open","ping_status":"open","sticky":false,"template":"","format":"standard","meta":{"_acf_changed":false,"_display_image":"","footnotes":""},"categories":[1281],"tags":[1096,1266,1657,1104],"class_list":["post-756301","post","type-post","status-publish","format-standard","has-post-thumbnail","hentry","category-geschaft","tag-arbeitsmarkt","tag-demonstration","tag-streik","tag-wirtschaft"],"blocksy_meta":[],"acf":[],"author_username":"alk","telegram_post":"","public_post_metadata":{"breaking_news":"","important":"","csempe":"","center_tile":"","disable_thumbnail":"","target_lang":"","_featured_image_style":"","telegram_post":"","_xlat_group_id":""},"public_rank_math_data":{"title":"%title% %sep% %sitename%","description":"","focus_keyword":"","canonical_url":"","robots":"","primary_category":"1281","breadcrumb_title":"","facebook_title":"","facebook_description":"","facebook_image":"","facebook_image_id":"","twitter_title":"","twitter_description":"","twitter_image":"","twitter_image_id":"","twitter_card_type":"","twitter_use_facebook":"","advanced_robots":"","pillar_content":"","seo_score":"","contentai_score":"","rich_snippet":""},"_links":{"self":[{"href":"https:\/\/dailynewshungary.com\/de\/wp-json\/wp\/v2\/posts\/756301","targetHints":{"allow":["GET"]}}],"collection":[{"href":"https:\/\/dailynewshungary.com\/de\/wp-json\/wp\/v2\/posts"}],"about":[{"href":"https:\/\/dailynewshungary.com\/de\/wp-json\/wp\/v2\/types\/post"}],"author":[{"embeddable":true,"href":"https:\/\/dailynewshungary.com\/de\/wp-json\/wp\/v2\/users\/2"}],"replies":[{"embeddable":true,"href":"https:\/\/dailynewshungary.com\/de\/wp-json\/wp\/v2\/comments?post=756301"}],"version-history":[{"count":0,"href":"https:\/\/dailynewshungary.com\/de\/wp-json\/wp\/v2\/posts\/756301\/revisions"}],"wp:featuredmedia":[{"embeddable":true,"href":"https:\/\/dailynewshungary.com\/de\/wp-json\/wp\/v2\/media\/756302"}],"wp:attachment":[{"href":"https:\/\/dailynewshungary.com\/de\/wp-json\/wp\/v2\/media?parent=756301"}],"wp:term":[{"taxonomy":"category","embeddable":true,"href":"https:\/\/dailynewshungary.com\/de\/wp-json\/wp\/v2\/categories?post=756301"},{"taxonomy":"post_tag","embeddable":true,"href":"https:\/\/dailynewshungary.com\/de\/wp-json\/wp\/v2\/tags?post=756301"}],"curies":[{"name":"wp","href":"https:\/\/api.w.org\/{rel}","templated":true}]}}