{"id":756309,"date":"2016-07-27T06:20:22","date_gmt":"2016-07-27T04:20:22","guid":{"rendered":"https:\/\/dailynewshungary.com\/de\/der-leiter-des-ausschusses-fur-auswartige-angelegenheiten-des-parlaments-ungarn-hat-keine-alternative-zur-europaischen-integration\/"},"modified":"2016-07-27T06:20:22","modified_gmt":"2016-07-27T04:20:22","slug":"der-leiter-des-ausschusses-fur-auswartige-angelegenheiten-des-parlaments-ungarn-hat-keine-alternative-zur-europaischen-integration","status":"publish","type":"post","link":"https:\/\/dailynewshungary.com\/de\/der-leiter-des-ausschusses-fur-auswartige-angelegenheiten-des-parlaments-ungarn-hat-keine-alternative-zur-europaischen-integration\/","title":{"rendered":"Der Leiter des Ausschusses f\u00fcr ausw\u00e4rtige Angelegenheiten des Parlaments: Ungarn hat keine Alternative zur europ\u00e4ischen Integration"},"content":{"rendered":"<p><strong>Budapest, 26. Juli (MTI) \u2013 Ungarns regionale und wirtschaftliche Interessen sind nur einige der vielen Gr\u00fcnde, warum Ungarn keine Alternative zur europ\u00e4ischen Integration hat, sagte Zsolt N\u00e9meth, der Vorsitzende des Ausschusses f\u00fcr ausw\u00e4rtige Angelegenheiten des ungarischen Parlaments, am Dienstag.<\/strong><\/p>\n<p>Die Europ\u00e4ische Union sei auch f\u00fcr die Politik der Regierung gegen\u00fcber Ungarn im Ausland von entscheidender Bedeutung: Die \u00dcbertragung der mit der EU-Mitgliedschaft verbundenen Souver\u00e4nit\u00e4t k\u00f6nne dazu beitragen, die Assimilation ethnischer Ungarn in Nachbarl\u00e4ndern zu verhindern, sagte N\u00e9meth bei einem Treffen ungarischer Literaturlehrer des Karpatenbeckens in Eger, in Nordungarn.<\/p>\n<p>N\u00e9meth sagte, die aktuelle politische Situation Europas k\u00f6nne als \u201eSumme\u201cmehrerer gleichzeitiger Krisen interpretiert werden, zu denen unter anderem die zunehmende Bedrohung durch den Terrorismus, anhaltende Kriege in der s\u00fcdlichen Nachbarregion Europas und Migration geh\u00f6ren.<\/p>\n<p>Er sagte, Europas Reaktion auf diese Krisen werde durch \u201eUnordnung\u201cinnerhalb des Blocks behindert, die nun durch die Entscheidung Gro\u00dfbritanniens, aus der EU auszutreten, noch verschlimmert worden sei.<\/p>\n<p>N\u00e9meth sagte, die neue Situation habe innerhalb der EU Angst und Unsicherheit hervorgerufen, weshalb die Europ\u00e4ische Kommission mit ihren Reaktionen auf die Krisen, mit denen der Block konfrontiert sei, oft \u201eaggressiv, intolerant und ungeduldig\u201cgewesen sei.<\/p>\n<p>Er sagte, das Dr\u00e4ngen auf eine f\u00f6deralistische politische Union in Europa nach dem Brexit w\u00fcrde nur \u201cdas Feuer anheizen\u201d Indem die EG nicht die richtige Antwort auf den Brexit gebe, k\u00f6nne sie riskieren, die europ\u00e4ische Integration auseinanderzurei\u00dfen, warnte N\u00e9meth.<\/p>\n","protected":false},"excerpt":{"rendered":"<p>Budapest, 26. Juli (MTI) \u2013 Ungarns regionale und wirtschaftliche Interessen sind nur einige der vielen Gr\u00fcnde, warum Ungarn keine Alternative zur europ\u00e4ischen Integration hat, sagte Zsolt N\u00e9meth, der Vorsitzende des Ausschusses f\u00fcr ausw\u00e4rtige Angelegenheiten des ungarischen Parlaments, am Dienstag. Die Europ\u00e4ische Union sei auch f\u00fcr die Politik der Regierung gegen\u00fcber Ungarn im Ausland von entscheidender [&hellip;]<\/p>\n","protected":false},"author":2,"featured_media":756310,"comment_status":"open","ping_status":"open","sticky":false,"template":"","format":"standard","meta":{"_acf_changed":false,"_display_image":"","footnotes":""},"categories":[1081],"tags":[1082,1658],"class_list":["post-756309","post","type-post","status-publish","format-standard","has-post-thumbnail","hentry","category-politik","tag-europaische-union","tag-parlament"],"blocksy_meta":[],"acf":[],"author_username":"alk","telegram_post":"","public_post_metadata":{"breaking_news":"","important":"","csempe":"","center_tile":"","disable_thumbnail":"","target_lang":"","_featured_image_style":"","telegram_post":"","_xlat_group_id":""},"public_rank_math_data":{"title":"%title% %sep% %sitename%","description":"","focus_keyword":"","canonical_url":"","robots":"","primary_category":"1081","breadcrumb_title":"","facebook_title":"","facebook_description":"","facebook_image":"","facebook_image_id":"","twitter_title":"","twitter_description":"","twitter_image":"","twitter_image_id":"","twitter_card_type":"","twitter_use_facebook":"","advanced_robots":"","pillar_content":"","seo_score":"","contentai_score":"","rich_snippet":""},"_links":{"self":[{"href":"https:\/\/dailynewshungary.com\/de\/wp-json\/wp\/v2\/posts\/756309","targetHints":{"allow":["GET"]}}],"collection":[{"href":"https:\/\/dailynewshungary.com\/de\/wp-json\/wp\/v2\/posts"}],"about":[{"href":"https:\/\/dailynewshungary.com\/de\/wp-json\/wp\/v2\/types\/post"}],"author":[{"embeddable":true,"href":"https:\/\/dailynewshungary.com\/de\/wp-json\/wp\/v2\/users\/2"}],"replies":[{"embeddable":true,"href":"https:\/\/dailynewshungary.com\/de\/wp-json\/wp\/v2\/comments?post=756309"}],"version-history":[{"count":0,"href":"https:\/\/dailynewshungary.com\/de\/wp-json\/wp\/v2\/posts\/756309\/revisions"}],"wp:featuredmedia":[{"embeddable":true,"href":"https:\/\/dailynewshungary.com\/de\/wp-json\/wp\/v2\/media\/756310"}],"wp:attachment":[{"href":"https:\/\/dailynewshungary.com\/de\/wp-json\/wp\/v2\/media?parent=756309"}],"wp:term":[{"taxonomy":"category","embeddable":true,"href":"https:\/\/dailynewshungary.com\/de\/wp-json\/wp\/v2\/categories?post=756309"},{"taxonomy":"post_tag","embeddable":true,"href":"https:\/\/dailynewshungary.com\/de\/wp-json\/wp\/v2\/tags?post=756309"}],"curies":[{"name":"wp","href":"https:\/\/api.w.org\/{rel}","templated":true}]}}