{"id":756384,"date":"2016-07-24T08:00:05","date_gmt":"2016-07-24T06:00:05","guid":{"rendered":"https:\/\/dailynewshungary.com\/de\/versorgungsprobleme-in-ungarischen-tesco-filialen\/"},"modified":"2016-07-24T08:00:05","modified_gmt":"2016-07-24T06:00:05","slug":"versorgungsprobleme-in-ungarischen-tesco-filialen","status":"publish","type":"post","link":"https:\/\/dailynewshungary.com\/de\/versorgungsprobleme-in-ungarischen-tesco-filialen\/","title":{"rendered":"Versorgungsprobleme in ungarischen Tesco-Filialen"},"content":{"rendered":"<p><strong>Budapest, 23. Juli (MTI) \u201eDer Personalmangel hat im Frischwarenvertriebszentrum der ungarischen Tesco-Aktivit\u00e4ten zu ernsthaften Problemen gef\u00fchrt, sagte die Tageszeitung Magyar Id.k am Samstag.<\/strong><\/p>\n<p>In der Zeitung hei\u00dft es, Tesco habe t\u00e4glich Probleme mit der Lieferung von Produkten an seine Filialen, was zu mehrt\u00e4gigen Lagerdefiziten bei Grundnahrungsmitteln und unregelm\u00e4\u00dfigem Service in Budapest und anderen St\u00e4dten f\u00fchre.<\/p>\n<p>Mehrere Mitarbeiter sind k\u00fcrzlich im zentralen Auslieferungslager etwas au\u00dferhalb der Hauptstadt zur\u00fcckgetreten und beschweren sich \u00fcber Arbeits\u00fcberlastung und niedrige L\u00f6hne.<\/p>\n<p>Das Unternehmen k\u00f6nne Ende des Sommers beschlie\u00dfen, die \u00d6ffnungszeiten in bestimmten Gesch\u00e4ften zu k\u00fcrzen oder bestimmte Produktgruppen aus dem Angebot zu nehmen, sagte der Manager eines gro\u00dfen Tesco-Hypermarktes in der Hauptstadt, der seine Identit\u00e4t nicht preisgeben wollte, der Zeitung.<\/p>\n<p>Als Tesco Global \u00c1ruh\u00e1zak von der Zeitung kontaktiert wurde, f\u00fchrte er die Probleme auf einen vor\u00fcbergehenden saisonalen Lagermangel zur\u00fcck und f\u00fcgte hinzu, dass man an der L\u00f6sung des Problems arbeite.<\/p>\n<p><em>Foto: lajk.hu<\/em><\/p>\n","protected":false},"excerpt":{"rendered":"<p>Budapest, 23. Juli (MTI) \u201eDer Personalmangel hat im Frischwarenvertriebszentrum der ungarischen Tesco-Aktivit\u00e4ten zu ernsthaften Problemen gef\u00fchrt, sagte die Tageszeitung Magyar Id.k am Samstag. In der Zeitung hei\u00dft es, Tesco habe t\u00e4glich Probleme mit der Lieferung von Produkten an seine Filialen, was zu mehrt\u00e4gigen Lagerdefiziten bei Grundnahrungsmitteln und unregelm\u00e4\u00dfigem Service in Budapest und anderen St\u00e4dten f\u00fchre. [&hellip;]<\/p>\n","protected":false},"author":2,"featured_media":756385,"comment_status":"open","ping_status":"open","sticky":false,"template":"","format":"standard","meta":{"_acf_changed":false,"_display_image":"","footnotes":""},"categories":[1281],"tags":[1066],"class_list":["post-756384","post","type-post","status-publish","format-standard","has-post-thumbnail","hentry","category-geschaft","tag-hungary"],"blocksy_meta":[],"acf":[],"author_username":"alk","telegram_post":"","public_post_metadata":{"breaking_news":"","important":"","csempe":"","center_tile":"","disable_thumbnail":"","target_lang":"","_featured_image_style":"","telegram_post":"","_xlat_group_id":""},"public_rank_math_data":{"title":"%title% %sep% %sitename%","description":"","focus_keyword":"","canonical_url":"","robots":"","primary_category":"1281","breadcrumb_title":"","facebook_title":"","facebook_description":"","facebook_image":"","facebook_image_id":"","twitter_title":"","twitter_description":"","twitter_image":"","twitter_image_id":"","twitter_card_type":"","twitter_use_facebook":"","advanced_robots":"","pillar_content":"","seo_score":"","contentai_score":"","rich_snippet":""},"_links":{"self":[{"href":"https:\/\/dailynewshungary.com\/de\/wp-json\/wp\/v2\/posts\/756384","targetHints":{"allow":["GET"]}}],"collection":[{"href":"https:\/\/dailynewshungary.com\/de\/wp-json\/wp\/v2\/posts"}],"about":[{"href":"https:\/\/dailynewshungary.com\/de\/wp-json\/wp\/v2\/types\/post"}],"author":[{"embeddable":true,"href":"https:\/\/dailynewshungary.com\/de\/wp-json\/wp\/v2\/users\/2"}],"replies":[{"embeddable":true,"href":"https:\/\/dailynewshungary.com\/de\/wp-json\/wp\/v2\/comments?post=756384"}],"version-history":[{"count":0,"href":"https:\/\/dailynewshungary.com\/de\/wp-json\/wp\/v2\/posts\/756384\/revisions"}],"wp:featuredmedia":[{"embeddable":true,"href":"https:\/\/dailynewshungary.com\/de\/wp-json\/wp\/v2\/media\/756385"}],"wp:attachment":[{"href":"https:\/\/dailynewshungary.com\/de\/wp-json\/wp\/v2\/media?parent=756384"}],"wp:term":[{"taxonomy":"category","embeddable":true,"href":"https:\/\/dailynewshungary.com\/de\/wp-json\/wp\/v2\/categories?post=756384"},{"taxonomy":"post_tag","embeddable":true,"href":"https:\/\/dailynewshungary.com\/de\/wp-json\/wp\/v2\/tags?post=756384"}],"curies":[{"name":"wp","href":"https:\/\/api.w.org\/{rel}","templated":true}]}}