{"id":756437,"date":"2016-07-21T19:20:52","date_gmt":"2016-07-21T17:20:52","guid":{"rendered":"https:\/\/dailynewshungary.com\/de\/osterreich-ist-bereit-an-der-ungarischen-grenze-einen-100-kilometer-langen-zaun-zu-errichten\/"},"modified":"2016-07-21T19:20:52","modified_gmt":"2016-07-21T17:20:52","slug":"osterreich-ist-bereit-an-der-ungarischen-grenze-einen-100-kilometer-langen-zaun-zu-errichten","status":"publish","type":"post","link":"https:\/\/dailynewshungary.com\/de\/osterreich-ist-bereit-an-der-ungarischen-grenze-einen-100-kilometer-langen-zaun-zu-errichten\/","title":{"rendered":"\u00d6sterreich ist bereit, an der ungarischen Grenze einen 100 Kilometer langen Zaun zu errichten"},"content":{"rendered":"<p><strong>\u00d6sterreich bereitet sich auf eine m\u00f6gliche neue Fl\u00fcchtlingswelle vor und plant den Bau eines 100 Kilometer langen Zauns entlang der ungarischen Grenze, sagte ein burgenl\u00e4ndischer Polizeisprecher der deutschen Nachrichtenagentur DPA.<\/strong><\/p>\n<p>Wenn die Zahl der Fl\u00fcchtlinge steigt, k\u00f6nnte der Zaun in k\u00fcrzester Zeit gebaut werden, denn f\u00fcr den Bau des Zauns ist alles bereitkommentierte der Polizeisprecher.<\/p>\n<p>Der Zaun kann sich 50-50 Kilometer n\u00f6rdlich und s\u00fcdlich des Burgenlandes erstrecken, das eine 300 Kilometer lange gemeinsame Grenze mit Ungarn hat, der andere Abschnitt der Grenze ist nicht wirklich ein geeigneter Fl\u00fcchtlingsweg, wies der Polizeisprecher darauf hin.<\/p>\n<p>Es wird gesch\u00e4tzt, dass 20-30 Fl\u00fcchtlinge, die \u00fcber Ungarn pro Tag in \u00d6sterreich ankommen, die deutsche Nachrichtenagentur DPA geschrieben haben.<\/p>\n<p>Die Wiener Fl\u00fcchtlings- und Grenzschutzpolitik wurde in den letzten Monaten versch\u00e4rft \u2013 \u00d6sterreich bietet in diesem Jahr bis zu 37 500 Migranten Unterkunft.<\/p>\n<p>Die Regierung habe einen Deal mit Grundbesitzern abgeschlossen, die einen vier Meter breiten Grenzabschnitt pachteten, in dem \u00f6sterreichische Armee- und Polizeieinheiten die ungarische Grenze \u00fcberwachen, f\u00fcgte der Sprecher hinzu.<\/p>\n<p>\u00d6sterreich hat gerade einen 3,7 Kilometer langen Zaun an der slowenischen Grenze gebaut, wo die Lage im Moment ruhig ist Wien plante, auch an der Brennergrenze einen Zaun zu errichten, was aber noch nicht realisiert wurde.<\/p>\n","protected":false},"excerpt":{"rendered":"<p>\u00d6sterreich bereitet sich auf eine m\u00f6gliche neue Fl\u00fcchtlingswelle vor und plant den Bau eines 100 Kilometer langen Zauns entlang der ungarischen Grenze, sagte ein burgenl\u00e4ndischer Polizeisprecher der deutschen Nachrichtenagentur DPA. Wenn die Zahl der Fl\u00fcchtlinge steigt, k\u00f6nnte der Zaun in k\u00fcrzester Zeit gebaut werden, denn f\u00fcr den Bau des Zauns ist alles bereitkommentierte der Polizeisprecher. [&hellip;]<\/p>\n","protected":false},"author":2,"featured_media":756438,"comment_status":"open","ping_status":"open","sticky":false,"template":"","format":"standard","meta":{"_acf_changed":false,"_display_image":"","footnotes":""},"categories":[1081],"tags":[1082,1445,1129,1236,1299],"class_list":["post-756437","post","type-post","status-publish","format-standard","has-post-thumbnail","hentry","category-politik","tag-europaische-union","tag-migration","tag-osterreich","tag-polizei","tag-schengen"],"blocksy_meta":[],"acf":[],"author_username":"alk","telegram_post":"","public_post_metadata":{"breaking_news":"","important":"","csempe":"","center_tile":"","disable_thumbnail":"","target_lang":"","_featured_image_style":"","telegram_post":"","_xlat_group_id":""},"public_rank_math_data":{"title":"%title% %sep% %sitename%","description":"","focus_keyword":"","canonical_url":"","robots":"","primary_category":"1081","breadcrumb_title":"","facebook_title":"","facebook_description":"","facebook_image":"","facebook_image_id":"","twitter_title":"","twitter_description":"","twitter_image":"","twitter_image_id":"","twitter_card_type":"","twitter_use_facebook":"","advanced_robots":"","pillar_content":"","seo_score":"","contentai_score":"","rich_snippet":""},"_links":{"self":[{"href":"https:\/\/dailynewshungary.com\/de\/wp-json\/wp\/v2\/posts\/756437","targetHints":{"allow":["GET"]}}],"collection":[{"href":"https:\/\/dailynewshungary.com\/de\/wp-json\/wp\/v2\/posts"}],"about":[{"href":"https:\/\/dailynewshungary.com\/de\/wp-json\/wp\/v2\/types\/post"}],"author":[{"embeddable":true,"href":"https:\/\/dailynewshungary.com\/de\/wp-json\/wp\/v2\/users\/2"}],"replies":[{"embeddable":true,"href":"https:\/\/dailynewshungary.com\/de\/wp-json\/wp\/v2\/comments?post=756437"}],"version-history":[{"count":0,"href":"https:\/\/dailynewshungary.com\/de\/wp-json\/wp\/v2\/posts\/756437\/revisions"}],"wp:featuredmedia":[{"embeddable":true,"href":"https:\/\/dailynewshungary.com\/de\/wp-json\/wp\/v2\/media\/756438"}],"wp:attachment":[{"href":"https:\/\/dailynewshungary.com\/de\/wp-json\/wp\/v2\/media?parent=756437"}],"wp:term":[{"taxonomy":"category","embeddable":true,"href":"https:\/\/dailynewshungary.com\/de\/wp-json\/wp\/v2\/categories?post=756437"},{"taxonomy":"post_tag","embeddable":true,"href":"https:\/\/dailynewshungary.com\/de\/wp-json\/wp\/v2\/tags?post=756437"}],"curies":[{"name":"wp","href":"https:\/\/api.w.org\/{rel}","templated":true}]}}