{"id":756443,"date":"2016-07-21T16:10:34","date_gmt":"2016-07-21T14:10:34","guid":{"rendered":"https:\/\/dailynewshungary.com\/de\/wirtschaftsminister-ungarn-setzt-starker-auf-inlandische-finanzierung\/"},"modified":"2016-07-21T16:10:34","modified_gmt":"2016-07-21T14:10:34","slug":"wirtschaftsminister-ungarn-setzt-starker-auf-inlandische-finanzierung","status":"publish","type":"post","link":"https:\/\/dailynewshungary.com\/de\/wirtschaftsminister-ungarn-setzt-starker-auf-inlandische-finanzierung\/","title":{"rendered":"Wirtschaftsminister: Ungarn setzt st\u00e4rker auf inl\u00e4ndische Finanzierung"},"content":{"rendered":"<p><strong>Baile Tusnad, 21. Juli (MTI) \u2013 Ungarn werde k\u00fcnftig bei der Stimulierung des Wirtschaftswachstums st\u00e4rker auf inl\u00e4ndische Ressourcen als auf externe und EU-Finanzierung setzen, sagte der Wirtschaftsminister am Donnerstag in Baile Tusnad (Tusn\u00e1df\u00fcrd ) in Zentralrum\u00e4nien.<\/strong><\/p>\n<p>Mih\u00e1ly Varga wies auf Subventionen hin, die die ungarische Regierung zur Unterst\u00fctzung der Industrieentwicklung, der Haushalte und des Wohnungsbaus eingef\u00fchrt habe. Er verwies auch auf Programme zur F\u00f6rderung der Elektromobilit\u00e4t und zur F\u00f6rderung des Tourismus. Was ein staatliches Programm zur Unterst\u00fctzung von Entwicklungsprojekten gro\u00dfer Unternehmen betrifft, die keinen Anspruch auf EU-F\u00f6rderung haben, sagte er, die ersten Ergebnisse seien positiv und h\u00e4tten bisher 500 Arbeitspl\u00e4tze geschaffen.<\/p>\n<p>Zu den wichtigsten wirtschaftspolitischen Zielen geh\u00f6re die Reduzierung der Staatsverschuldung und des Haushaltsdefizits bei gleichzeitiger Sicherstellung des Einnahmeneingangs, sagte er.<\/p>\n<p>Ungarn hat seine Staatsverschuldung in den vergangenen Jahren von \u00fcber 80 Prozent im Jahr 2010 auf 75 Prozent des BIP gesenkt und strebt an, sie im Jahr 2017 weiter zu senkenAu\u00dferdem ist Ungarn jetzt weniger abh\u00e4ngig von Auslandskrediten, f\u00fcgte er hinzu.<\/p>\n<p>Die Steuern m\u00fcssten gesenkt werden, sagte Varga und wies auf geplante Senkungen der Mehrwertsteuer auf Internetdienstleistungen, Grundnahrungsmittel und Catering hin.<\/p>\n<p>Ungarn begr\u00fc\u00dfe die EU-Finanzierung, sagte er, aber dies sei f\u00fcr gezielte Projekte Die EU-Entwicklungsfinanzierung mache 6 Prozent des BIP aus, w\u00e4hrend die inl\u00e4ndische Finanzierung 4,0-4,5 Prozent betrage, stellte er fest.<\/p>\n<p><em>Foto: MTI<\/em><\/p>\n","protected":false},"excerpt":{"rendered":"<p>Baile Tusnad, 21. Juli (MTI) \u2013 Ungarn werde k\u00fcnftig bei der Stimulierung des Wirtschaftswachstums st\u00e4rker auf inl\u00e4ndische Ressourcen als auf externe und EU-Finanzierung setzen, sagte der Wirtschaftsminister am Donnerstag in Baile Tusnad (Tusn\u00e1df\u00fcrd ) in Zentralrum\u00e4nien. Mih\u00e1ly Varga wies auf Subventionen hin, die die ungarische Regierung zur Unterst\u00fctzung der Industrieentwicklung, der Haushalte und des Wohnungsbaus [&hellip;]<\/p>\n","protected":false},"author":2,"featured_media":756444,"comment_status":"open","ping_status":"open","sticky":false,"template":"","format":"standard","meta":{"_acf_changed":false,"_display_image":"","footnotes":""},"categories":[1281],"tags":[1082,1425,1104],"class_list":["post-756443","post","type-post","status-publish","format-standard","has-post-thumbnail","hentry","category-geschaft","tag-europaische-union","tag-rumanien","tag-wirtschaft"],"blocksy_meta":[],"acf":[],"author_username":"alk","telegram_post":"","public_post_metadata":{"breaking_news":"","important":"","csempe":"","center_tile":"","disable_thumbnail":"","target_lang":"","_featured_image_style":"","telegram_post":"","_xlat_group_id":""},"public_rank_math_data":{"title":"%title% %sep% %sitename%","description":"","focus_keyword":"","canonical_url":"","robots":"","primary_category":"1281","breadcrumb_title":"","facebook_title":"","facebook_description":"","facebook_image":"","facebook_image_id":"","twitter_title":"","twitter_description":"","twitter_image":"","twitter_image_id":"","twitter_card_type":"","twitter_use_facebook":"","advanced_robots":"","pillar_content":"","seo_score":"","contentai_score":"","rich_snippet":""},"_links":{"self":[{"href":"https:\/\/dailynewshungary.com\/de\/wp-json\/wp\/v2\/posts\/756443","targetHints":{"allow":["GET"]}}],"collection":[{"href":"https:\/\/dailynewshungary.com\/de\/wp-json\/wp\/v2\/posts"}],"about":[{"href":"https:\/\/dailynewshungary.com\/de\/wp-json\/wp\/v2\/types\/post"}],"author":[{"embeddable":true,"href":"https:\/\/dailynewshungary.com\/de\/wp-json\/wp\/v2\/users\/2"}],"replies":[{"embeddable":true,"href":"https:\/\/dailynewshungary.com\/de\/wp-json\/wp\/v2\/comments?post=756443"}],"version-history":[{"count":0,"href":"https:\/\/dailynewshungary.com\/de\/wp-json\/wp\/v2\/posts\/756443\/revisions"}],"wp:featuredmedia":[{"embeddable":true,"href":"https:\/\/dailynewshungary.com\/de\/wp-json\/wp\/v2\/media\/756444"}],"wp:attachment":[{"href":"https:\/\/dailynewshungary.com\/de\/wp-json\/wp\/v2\/media?parent=756443"}],"wp:term":[{"taxonomy":"category","embeddable":true,"href":"https:\/\/dailynewshungary.com\/de\/wp-json\/wp\/v2\/categories?post=756443"},{"taxonomy":"post_tag","embeddable":true,"href":"https:\/\/dailynewshungary.com\/de\/wp-json\/wp\/v2\/tags?post=756443"}],"curies":[{"name":"wp","href":"https:\/\/api.w.org\/{rel}","templated":true}]}}