{"id":756465,"date":"2016-07-20T19:40:04","date_gmt":"2016-07-20T17:40:04","guid":{"rendered":"https:\/\/dailynewshungary.com\/de\/ungarische-fuhrende-politiker-diskutieren-konzepte-des-christlichen-europas\/"},"modified":"2016-07-20T19:40:04","modified_gmt":"2016-07-20T17:40:04","slug":"ungarische-fuhrende-politiker-diskutieren-konzepte-des-christlichen-europas","status":"publish","type":"post","link":"https:\/\/dailynewshungary.com\/de\/ungarische-fuhrende-politiker-diskutieren-konzepte-des-christlichen-europas\/","title":{"rendered":"Ungarische f\u00fchrende Politiker diskutieren Konzepte des christlichen Europas"},"content":{"rendered":"<p><strong>Baile Tusnad, Rum\u00e4nien, 20. Juli (MTI) \u201eDie Europ\u00e4ische Union hat\u201c\u201edie intoleranteste europ\u00e4ische Elite\u201d, sagte Gergely Guly\u00e1s, stellvertretender Parlamentspr\u00e4sident und Vorsitzender des Legislativausschusses, in Baile Tusnad (Tusn\u00e1df\u00fcrd ) in Zentralrum\u00e4nien.\u201d am Mittwoch.<\/strong><\/p>\n<p>Guly\u00e1s nahm an einem runden Tisch am ersten Tag einer jedes Jahr stattfindenden Sommeruniversit\u00e4t teil und forderte die europ\u00e4ische Elite auf, \u201czumindest etwas Toleranz\u201d gegen\u00fcber traditionellen europ\u00e4ischen Werten zu zeigenDas Christentum m\u00fcsse als grundlegender Wert in der Sozialpolitik angesehen werden, betonte Guly\u00e1s.<\/p>\n<p>Es sei nicht mehr so, dass alle Werte innerhalb der EU geteilt w\u00fcrden, sagte er. Ungarn beispielsweise habe in den Bereichen Familienpolitik oder Sozialpolitik nicht viel mit den skandinavischen L\u00e4ndern gemeinsam.<\/p>\n<p>Zsolt N\u00e9meth, der Leiter des Ausschusses f\u00fcr ausw\u00e4rtige Angelegenheiten des ungarischen Parlaments, sagte, dass das christliche Europa kein religi\u00f6ses Konzept sei, sondern als Br\u00fccke zwischen der christlichen Kirche und der europ\u00e4ischen Politik betrachtet werden m\u00fcsse.<\/p>\n<p>\u201cEs gibt keine Politik ohne Werte; es sind Werte, auf denen Politik aufgebaut werden muss\u201d, sagte N\u00e9meth und f\u00fcgte hinzu, dass die Trennung von Kirche und Staat ein Grundprinzip in christlichen Gesellschaften sei, nicht jedoch im Islam.<\/p>\n<p>Szabolcs Tak\u00e1cs, Ungarns Staatssekret\u00e4r f\u00fcr EU-Angelegenheiten, sagte, Europa habe und m\u00fcsse eine christliche Vision haben, die auf christlichen Grundlagen beruhe.<\/p>\n<p><em>Foto: MTI<\/em><\/p>\n","protected":false},"excerpt":{"rendered":"<p>Baile Tusnad, Rum\u00e4nien, 20. Juli (MTI) \u201eDie Europ\u00e4ische Union hat\u201c\u201edie intoleranteste europ\u00e4ische Elite\u201d, sagte Gergely Guly\u00e1s, stellvertretender Parlamentspr\u00e4sident und Vorsitzender des Legislativausschusses, in Baile Tusnad (Tusn\u00e1df\u00fcrd ) in Zentralrum\u00e4nien.\u201d am Mittwoch. Guly\u00e1s nahm an einem runden Tisch am ersten Tag einer jedes Jahr stattfindenden Sommeruniversit\u00e4t teil und forderte die europ\u00e4ische Elite auf, \u201czumindest etwas Toleranz\u201d [&hellip;]<\/p>\n","protected":false},"author":2,"featured_media":756466,"comment_status":"open","ping_status":"open","sticky":false,"template":"","format":"standard","meta":{"_acf_changed":false,"_display_image":"","footnotes":""},"categories":[1081],"tags":[1082,1262,1425],"class_list":["post-756465","post","type-post","status-publish","format-standard","has-post-thumbnail","hentry","category-politik","tag-europaische-union","tag-festival","tag-rumanien"],"blocksy_meta":[],"acf":[],"author_username":"alk","telegram_post":"","public_post_metadata":{"breaking_news":"","important":"","csempe":"","center_tile":"","disable_thumbnail":"","target_lang":"","_featured_image_style":"","telegram_post":"","_xlat_group_id":""},"public_rank_math_data":{"title":"%title% %sep% %sitename%","description":"","focus_keyword":"","canonical_url":"","robots":"","primary_category":"1081","breadcrumb_title":"","facebook_title":"","facebook_description":"","facebook_image":"","facebook_image_id":"","twitter_title":"","twitter_description":"","twitter_image":"","twitter_image_id":"","twitter_card_type":"","twitter_use_facebook":"","advanced_robots":"","pillar_content":"","seo_score":"","contentai_score":"","rich_snippet":""},"_links":{"self":[{"href":"https:\/\/dailynewshungary.com\/de\/wp-json\/wp\/v2\/posts\/756465","targetHints":{"allow":["GET"]}}],"collection":[{"href":"https:\/\/dailynewshungary.com\/de\/wp-json\/wp\/v2\/posts"}],"about":[{"href":"https:\/\/dailynewshungary.com\/de\/wp-json\/wp\/v2\/types\/post"}],"author":[{"embeddable":true,"href":"https:\/\/dailynewshungary.com\/de\/wp-json\/wp\/v2\/users\/2"}],"replies":[{"embeddable":true,"href":"https:\/\/dailynewshungary.com\/de\/wp-json\/wp\/v2\/comments?post=756465"}],"version-history":[{"count":0,"href":"https:\/\/dailynewshungary.com\/de\/wp-json\/wp\/v2\/posts\/756465\/revisions"}],"wp:featuredmedia":[{"embeddable":true,"href":"https:\/\/dailynewshungary.com\/de\/wp-json\/wp\/v2\/media\/756466"}],"wp:attachment":[{"href":"https:\/\/dailynewshungary.com\/de\/wp-json\/wp\/v2\/media?parent=756465"}],"wp:term":[{"taxonomy":"category","embeddable":true,"href":"https:\/\/dailynewshungary.com\/de\/wp-json\/wp\/v2\/categories?post=756465"},{"taxonomy":"post_tag","embeddable":true,"href":"https:\/\/dailynewshungary.com\/de\/wp-json\/wp\/v2\/tags?post=756465"}],"curies":[{"name":"wp","href":"https:\/\/api.w.org\/{rel}","templated":true}]}}