{"id":756477,"date":"2016-07-20T13:10:10","date_gmt":"2016-07-20T11:10:10","guid":{"rendered":"https:\/\/dailynewshungary.com\/de\/mehr-erwerbstatige-frauen-in-ungarn\/"},"modified":"2016-07-20T13:10:10","modified_gmt":"2016-07-20T11:10:10","slug":"mehr-erwerbstatige-frauen-in-ungarn","status":"publish","type":"post","link":"https:\/\/dailynewshungary.com\/de\/mehr-erwerbstatige-frauen-in-ungarn\/","title":{"rendered":"Mehr erwerbst\u00e4tige Frauen in Ungarn"},"content":{"rendered":"<p><strong>Budapest, 20. Juli (MTI) \u2013 Der Anteil regul\u00e4r besch\u00e4ftigter Frauen sei in Ungarn dank der Familienunterst\u00fctzungsma\u00dfnahmen der Regierung gestiegen, sagte ein Staatssekret\u00e4r im Personalministerium am Mittwoch dem \u00f6ffentlich-rechtlichen Fernsehen.<\/strong><\/p>\n<p>Zu den seit Januar dieses Jahres umgesetzten Ma\u00dfnahmen geh\u00f6rt die Neugestaltung des Kindertagesst\u00e4ttensystems, um Kinder in familienbetriebenen Kinderg\u00e4rten und am Arbeitsplatz zu betreuen, sagte Katalin Nov\u00e1k dem Nachrichtensender M1.<\/p>\n<p>Die Regierung habe au\u00dferdem ein System zur Unterst\u00fctzung von Arbeitgebern eingef\u00fchrt, die Anspruch auf eine R\u00fcckerstattung der Kosten f\u00fcr die Einrichtung oder den Betrieb einer Kindertagesst\u00e4tte in ihren R\u00e4umlichkeiten h\u00e4tten, sagte sie.<\/p>\n<p>Ungarn gebe derzeit 4,7 Prozent seines BIP f\u00fcr die Unterst\u00fctzung von Familien aus, eine Quote, die weit \u00fcber dem OECD-Durchschnitt von 2,4 Prozent liege, sagte sie.<\/p>\n<p>Die zentralen Ausgaben f\u00fcr Familienleistungen werden bis 2017 um 50 Prozent gestiegen sein, f\u00fcgte Nov\u00e1k hinzu.<\/p>\n<p>Sie sagte, die Regierung plane, Familien, vor allem Frauen, weiter zu helfen, indem sie Teilzeitbesch\u00e4ftigung, Telearbeit und flexible Arbeitszeitpl\u00e4ne sicherstelle, sagte sie.<\/p>\n","protected":false},"excerpt":{"rendered":"<p>Budapest, 20. Juli (MTI) \u2013 Der Anteil regul\u00e4r besch\u00e4ftigter Frauen sei in Ungarn dank der Familienunterst\u00fctzungsma\u00dfnahmen der Regierung gestiegen, sagte ein Staatssekret\u00e4r im Personalministerium am Mittwoch dem \u00f6ffentlich-rechtlichen Fernsehen. Zu den seit Januar dieses Jahres umgesetzten Ma\u00dfnahmen geh\u00f6rt die Neugestaltung des Kindertagesst\u00e4ttensystems, um Kinder in familienbetriebenen Kinderg\u00e4rten und am Arbeitsplatz zu betreuen, sagte Katalin Nov\u00e1k [&hellip;]<\/p>\n","protected":false},"author":2,"featured_media":756478,"comment_status":"open","ping_status":"open","sticky":false,"template":"","format":"standard","meta":{"_acf_changed":false,"_display_image":"","footnotes":""},"categories":[1281],"tags":[1096,1104],"class_list":["post-756477","post","type-post","status-publish","format-standard","has-post-thumbnail","hentry","category-geschaft","tag-arbeitsmarkt","tag-wirtschaft"],"blocksy_meta":[],"acf":[],"author_username":"alk","telegram_post":"","public_post_metadata":{"breaking_news":"","important":"","csempe":"","center_tile":"","disable_thumbnail":"","target_lang":"","_featured_image_style":"","telegram_post":"","_xlat_group_id":""},"public_rank_math_data":{"title":"%title% %sep% %sitename%","description":"","focus_keyword":"","canonical_url":"","robots":"","primary_category":"1281","breadcrumb_title":"","facebook_title":"","facebook_description":"","facebook_image":"","facebook_image_id":"","twitter_title":"","twitter_description":"","twitter_image":"","twitter_image_id":"","twitter_card_type":"","twitter_use_facebook":"","advanced_robots":"","pillar_content":"","seo_score":"","contentai_score":"","rich_snippet":""},"_links":{"self":[{"href":"https:\/\/dailynewshungary.com\/de\/wp-json\/wp\/v2\/posts\/756477","targetHints":{"allow":["GET"]}}],"collection":[{"href":"https:\/\/dailynewshungary.com\/de\/wp-json\/wp\/v2\/posts"}],"about":[{"href":"https:\/\/dailynewshungary.com\/de\/wp-json\/wp\/v2\/types\/post"}],"author":[{"embeddable":true,"href":"https:\/\/dailynewshungary.com\/de\/wp-json\/wp\/v2\/users\/2"}],"replies":[{"embeddable":true,"href":"https:\/\/dailynewshungary.com\/de\/wp-json\/wp\/v2\/comments?post=756477"}],"version-history":[{"count":0,"href":"https:\/\/dailynewshungary.com\/de\/wp-json\/wp\/v2\/posts\/756477\/revisions"}],"wp:featuredmedia":[{"embeddable":true,"href":"https:\/\/dailynewshungary.com\/de\/wp-json\/wp\/v2\/media\/756478"}],"wp:attachment":[{"href":"https:\/\/dailynewshungary.com\/de\/wp-json\/wp\/v2\/media?parent=756477"}],"wp:term":[{"taxonomy":"category","embeddable":true,"href":"https:\/\/dailynewshungary.com\/de\/wp-json\/wp\/v2\/categories?post=756477"},{"taxonomy":"post_tag","embeddable":true,"href":"https:\/\/dailynewshungary.com\/de\/wp-json\/wp\/v2\/tags?post=756477"}],"curies":[{"name":"wp","href":"https:\/\/api.w.org\/{rel}","templated":true}]}}