{"id":756479,"date":"2016-07-20T12:00:08","date_gmt":"2016-07-20T10:00:08","guid":{"rendered":"https:\/\/dailynewshungary.com\/de\/der-migrationsdruck-an-der-grenze-zwischen-ungarn-und-serbien-nimmt-zu\/"},"modified":"2016-07-20T12:00:08","modified_gmt":"2016-07-20T10:00:08","slug":"der-migrationsdruck-an-der-grenze-zwischen-ungarn-und-serbien-nimmt-zu","status":"publish","type":"post","link":"https:\/\/dailynewshungary.com\/de\/der-migrationsdruck-an-der-grenze-zwischen-ungarn-und-serbien-nimmt-zu\/","title":{"rendered":"Der Migrationsdruck an der Grenze zwischen Ungarn und Serbien nimmt zu"},"content":{"rendered":"<p><strong>Budapest, 20. Juli (MTI) 20. Juli (MTI) \u201eMigranten, die \u00fcber Mazedonien und Bulgarien ankommen, setzen die ungarische Grenze zu Serbien zunehmend unter Druck, und Migranten sind so entschlossen, Westeuropa zu erreichen, dass sie bereit sind, auf Gewalt zur\u00fcckzugreifen, sagte der Sicherheitsberater des Premierministers \u00f6ffentlich-rechtliches Fernsehen am Mittwoch.<\/strong><\/p>\n<p>Gy\u00f6rgy Bakondi sagte, im ersten Quartal des Jahres h\u00e4tten 4.500 Migranten versucht, die ungarische Grenze zu durchbrechen, und im zweiten Quartal sei diese auf 10.500 gestiegen. Wenn der Druck noch weiter w\u00e4chst, wird die Situation \u201eauf dem Balkan und in der gesamten Europ\u00e4ischen Union kompliziert sein\u201csagte Bakondi dem Nachrichtensender M1.<\/p>\n<p>Immer mehr Menschen seien der Meinung, dass Europa nicht in der Lage sei, Massenmigration in diesem Ausma\u00df zu bew\u00e4ltigen, und sie glauben, dass die nationalen Regierungen und Br\u00fcssel entschlossene Schritte unternehmen sollten, um die Union zu sch\u00fctzen, sagte er und verwies auf gewaltt\u00e4tige Vorf\u00e4lle in ungarischen Migranten Aufnahmezentren und Terroranschl\u00e4ge in anderen europ\u00e4ischen L\u00e4ndern.<\/p>\n<p>Er sagte, er hoffe, dass die Europ\u00e4ische Union in der Lage sein werde, ein Sicherheitssystem auszuarbeiten, das echten Fl\u00fcchtlingen politisches Asyl erm\u00f6glicht und gleichzeitig Terroristen und Wirtschaftsfl\u00fcchtlinge in Schach h\u00e4lt.<\/p>\n<p><em>Foto: MTI\/AP\/Marko Drobnjakovic<\/em><\/p>\n","protected":false},"excerpt":{"rendered":"<p>Budapest, 20. Juli (MTI) 20. Juli (MTI) \u201eMigranten, die \u00fcber Mazedonien und Bulgarien ankommen, setzen die ungarische Grenze zu Serbien zunehmend unter Druck, und Migranten sind so entschlossen, Westeuropa zu erreichen, dass sie bereit sind, auf Gewalt zur\u00fcckzugreifen, sagte der Sicherheitsberater des Premierministers \u00f6ffentlich-rechtliches Fernsehen am Mittwoch. Gy\u00f6rgy Bakondi sagte, im ersten Quartal des Jahres [&hellip;]<\/p>\n","protected":false},"author":2,"featured_media":756480,"comment_status":"open","ping_status":"open","sticky":false,"template":"","format":"standard","meta":{"_acf_changed":false,"_display_image":"","footnotes":""},"categories":[1081],"tags":[1299,1488,4022],"class_list":["post-756479","post","type-post","status-publish","format-standard","has-post-thumbnail","hentry","category-politik","tag-schengen","tag-serbia","tag-wanderung"],"blocksy_meta":[],"acf":[],"author_username":"alk","telegram_post":"","public_post_metadata":{"breaking_news":"","important":"","csempe":"","center_tile":"","disable_thumbnail":"","target_lang":"","_featured_image_style":"","telegram_post":"","_xlat_group_id":""},"public_rank_math_data":{"title":"%title% %sep% %sitename%","description":"","focus_keyword":"","canonical_url":"","robots":"","primary_category":"1081","breadcrumb_title":"","facebook_title":"","facebook_description":"","facebook_image":"","facebook_image_id":"","twitter_title":"","twitter_description":"","twitter_image":"","twitter_image_id":"","twitter_card_type":"","twitter_use_facebook":"","advanced_robots":"","pillar_content":"","seo_score":"","contentai_score":"","rich_snippet":""},"_links":{"self":[{"href":"https:\/\/dailynewshungary.com\/de\/wp-json\/wp\/v2\/posts\/756479","targetHints":{"allow":["GET"]}}],"collection":[{"href":"https:\/\/dailynewshungary.com\/de\/wp-json\/wp\/v2\/posts"}],"about":[{"href":"https:\/\/dailynewshungary.com\/de\/wp-json\/wp\/v2\/types\/post"}],"author":[{"embeddable":true,"href":"https:\/\/dailynewshungary.com\/de\/wp-json\/wp\/v2\/users\/2"}],"replies":[{"embeddable":true,"href":"https:\/\/dailynewshungary.com\/de\/wp-json\/wp\/v2\/comments?post=756479"}],"version-history":[{"count":0,"href":"https:\/\/dailynewshungary.com\/de\/wp-json\/wp\/v2\/posts\/756479\/revisions"}],"wp:featuredmedia":[{"embeddable":true,"href":"https:\/\/dailynewshungary.com\/de\/wp-json\/wp\/v2\/media\/756480"}],"wp:attachment":[{"href":"https:\/\/dailynewshungary.com\/de\/wp-json\/wp\/v2\/media?parent=756479"}],"wp:term":[{"taxonomy":"category","embeddable":true,"href":"https:\/\/dailynewshungary.com\/de\/wp-json\/wp\/v2\/categories?post=756479"},{"taxonomy":"post_tag","embeddable":true,"href":"https:\/\/dailynewshungary.com\/de\/wp-json\/wp\/v2\/tags?post=756479"}],"curies":[{"name":"wp","href":"https:\/\/api.w.org\/{rel}","templated":true}]}}