{"id":756500,"date":"2016-07-19T15:40:02","date_gmt":"2016-07-19T13:40:02","guid":{"rendered":"https:\/\/dailynewshungary.com\/de\/ungarn-bietet-an-anstelle-grosbritanniens-die-rotierende-eu-prasidentschaft-zu-ubernehmen\/"},"modified":"2016-07-19T15:40:02","modified_gmt":"2016-07-19T13:40:02","slug":"ungarn-bietet-an-anstelle-grosbritanniens-die-rotierende-eu-prasidentschaft-zu-ubernehmen","status":"publish","type":"post","link":"https:\/\/dailynewshungary.com\/de\/ungarn-bietet-an-anstelle-grosbritanniens-die-rotierende-eu-prasidentschaft-zu-ubernehmen\/","title":{"rendered":"Ungarn bietet an, anstelle Gro\u00dfbritanniens die rotierende EU-Pr\u00e4sidentschaft zu \u00fcbernehmen"},"content":{"rendered":"<p><strong>Budapest, 19. Juli (MTI) \u201eUngarn hat der Europ\u00e4ischen Union signalisiert, dass es bereit ist, von Gro\u00dfbritannien die Aufgabe zu \u00fcbernehmen, in der zweiten Jahresh\u00e4lfte 2017 die rotierende Pr\u00e4sidentschaft des Blocks zu \u00fcbernehmen, sagte Au\u00dfenminister P\u00e9ter Szijj\u00e1rt\u00f3 auf einer Pressekonferenz am Dienstag.<\/strong><\/p>\n<p>Er sagte, der Austritt des Vereinigten K\u00f6nigreichs aus der EU habe ernsthafte Zweifel und Vermutungen zu Themen wie dem Status der rotierenden Pr\u00e4sidentschaft im Rahmen der Brexit-Verhandlungen hervorgerufen.<\/p>\n<p>Der Minister sagte, Ungarn sei mit Hilfe seiner Partner der Visegrad-Gruppe der einzige EU-Mitgliedstaat, der eine erfolgreiche Antwort auf die wichtigsten Herausforderungen der \u201cabnormalen\u201d europ\u00e4ischen Situation, wie etwa auf die Migrationskrise, vorgelegt habe Ungarn sei also gut aufgestellt, um angesichts seiner n\u00fcchternen Politik, die auf der Gew\u00e4hrleistung der \u00f6ffentlichen Sicherheit basiert, die Spitze des Blocks zu \u00fcbernehmen, sagte er.<\/p>\n<p>Dar\u00fcber hinaus h\u00e4tten das Land und seine Diplomaten besonders positive R\u00fcckmeldungen zu seiner letzten Amtszeit an der rotierenden Spitze der EU im ersten Halbjahr 2011 erhalten, sagte er.<\/p>\n<p>Szijj\u00e1rt\u00f3 sagte, es sei auch m\u00f6glich, dass die Mitgliedstaaten, die f\u00fcr diese Rolle angetreten seien, dies sechs Monate fr\u00fcher tun w\u00fcrden, obwohl viele ihre Zur\u00fcckhaltung gegen\u00fcber dieser Rolle zum Ausdruck gebracht h\u00e4tten.<\/p>\n<p>Die erste Bedingung f\u00fcr die Verpflichtung, die Briten von der Pr\u00e4sidentschaft zu entbinden, w\u00e4re eine offizielle Mitteilung des Vereinigten K\u00f6nigreichs, dass sie die Aufgabe nicht \u00fcbernehmen wollen Danach w\u00e4re es Sache des Europ\u00e4ischen Rates, \u00fcber die Frage zu entscheiden, f\u00fcgte er hinzu.<\/p>\n","protected":false},"excerpt":{"rendered":"<p>Budapest, 19. Juli (MTI) \u201eUngarn hat der Europ\u00e4ischen Union signalisiert, dass es bereit ist, von Gro\u00dfbritannien die Aufgabe zu \u00fcbernehmen, in der zweiten Jahresh\u00e4lfte 2017 die rotierende Pr\u00e4sidentschaft des Blocks zu \u00fcbernehmen, sagte Au\u00dfenminister P\u00e9ter Szijj\u00e1rt\u00f3 auf einer Pressekonferenz am Dienstag. Er sagte, der Austritt des Vereinigten K\u00f6nigreichs aus der EU habe ernsthafte Zweifel und [&hellip;]<\/p>\n","protected":false},"author":2,"featured_media":756501,"comment_status":"open","ping_status":"open","sticky":false,"template":"","format":"standard","meta":{"_acf_changed":false,"_display_image":"","footnotes":""},"categories":[1081],"tags":[1169,1082,1273],"class_list":["post-756500","post","type-post","status-publish","format-standard","has-post-thumbnail","hentry","category-politik","tag-aussenministerium-von-ungarn","tag-europaische-union","tag-grosbritannien"],"blocksy_meta":[],"acf":[],"author_username":"alk","telegram_post":"","public_post_metadata":{"breaking_news":"","important":"","csempe":"","center_tile":"","disable_thumbnail":"","target_lang":"","_featured_image_style":"","telegram_post":"","_xlat_group_id":""},"public_rank_math_data":{"title":"%title% %sep% %sitename%","description":"","focus_keyword":"","canonical_url":"","robots":"","primary_category":"1081","breadcrumb_title":"","facebook_title":"","facebook_description":"","facebook_image":"","facebook_image_id":"","twitter_title":"","twitter_description":"","twitter_image":"","twitter_image_id":"","twitter_card_type":"","twitter_use_facebook":"","advanced_robots":"","pillar_content":"","seo_score":"","contentai_score":"","rich_snippet":""},"_links":{"self":[{"href":"https:\/\/dailynewshungary.com\/de\/wp-json\/wp\/v2\/posts\/756500","targetHints":{"allow":["GET"]}}],"collection":[{"href":"https:\/\/dailynewshungary.com\/de\/wp-json\/wp\/v2\/posts"}],"about":[{"href":"https:\/\/dailynewshungary.com\/de\/wp-json\/wp\/v2\/types\/post"}],"author":[{"embeddable":true,"href":"https:\/\/dailynewshungary.com\/de\/wp-json\/wp\/v2\/users\/2"}],"replies":[{"embeddable":true,"href":"https:\/\/dailynewshungary.com\/de\/wp-json\/wp\/v2\/comments?post=756500"}],"version-history":[{"count":0,"href":"https:\/\/dailynewshungary.com\/de\/wp-json\/wp\/v2\/posts\/756500\/revisions"}],"wp:featuredmedia":[{"embeddable":true,"href":"https:\/\/dailynewshungary.com\/de\/wp-json\/wp\/v2\/media\/756501"}],"wp:attachment":[{"href":"https:\/\/dailynewshungary.com\/de\/wp-json\/wp\/v2\/media?parent=756500"}],"wp:term":[{"taxonomy":"category","embeddable":true,"href":"https:\/\/dailynewshungary.com\/de\/wp-json\/wp\/v2\/categories?post=756500"},{"taxonomy":"post_tag","embeddable":true,"href":"https:\/\/dailynewshungary.com\/de\/wp-json\/wp\/v2\/tags?post=756500"}],"curies":[{"name":"wp","href":"https:\/\/api.w.org\/{rel}","templated":true}]}}