{"id":756506,"date":"2016-07-19T12:32:34","date_gmt":"2016-07-19T10:32:34","guid":{"rendered":"https:\/\/dailynewshungary.com\/de\/europaer-besorgt-uber-die-auswirkungen-illegaler-migration-eu-weite-umfrage\/"},"modified":"2016-07-19T12:32:34","modified_gmt":"2016-07-19T10:32:34","slug":"europaer-besorgt-uber-die-auswirkungen-illegaler-migration-eu-weite-umfrage","status":"publish","type":"post","link":"https:\/\/dailynewshungary.com\/de\/europaer-besorgt-uber-die-auswirkungen-illegaler-migration-eu-weite-umfrage\/","title":{"rendered":"Europ\u00e4er besorgt \u00fcber die Auswirkungen illegaler Migration \u2013 EU-weite Umfrage"},"content":{"rendered":"<p><strong>Budapest, 19. Juli (MTI) 6 Die Mehrheit der Europ\u00e4er \u00e4u\u00dferte sich besorgt \u00fcber die Folgen der illegalen Migration und war mit der Migrationspolitik Br\u00fcssels unzufrieden, sagte der Chefanalyst des Forschungsunternehmens Sz\u00e1zadv\u00e9g Foundation am Dienstag auf einer Konferenz und skizzierte die Ergebnisse von eine EU-weite Umfrage.<\/strong><\/p>\n<p>Tam\u00e1s L\u00e1nczi sagte, Szazadveg habe 28.000 Menschen im 28-k\u00f6pfigen Block befragt und zitierte die Befragten mit den Worten, dass illegale Migration die Kriminalit\u00e4t und die Bedrohung durch Terrorismus verst\u00e4rken w\u00fcrde.<\/p>\n<p>Ganze 83 Prozent der Befragten \u00e4u\u00dferten die Meinung, dass die Grenzen der EU wirksamer gesch\u00fctzt werden sollten, beharrte er darauf und f\u00fcgte hinzu, dass die Befragten in der Frage des obligatorischen Quotensystems f\u00fcr die Verteilung von Migranten in Br\u00fcssel eher gespalten seien.<\/p>\n<p>In seiner Rede vor der Konferenz kritisierte Staatssekret\u00e4r im B\u00fcro des Premierministers Bence Tuzson die europ\u00e4ischen Staats- und Regierungschefs daf\u00fcr, dass sie \u201edie Tatsache, dass ein enger Zusammenhang zwischen Einwanderung und Terrorismus besteht\u201cnicht anerkennen. \u201eSie haben ihr fundiertes Urteilsverm\u00f6gen verloren\u201d, betonte er. Tuzson verwies auf die Umfrage von Sz\u00e1zadv\u00e9g und sagte, dass die Einwanderungspolitik der Europ\u00e4ischen Union gescheitert sei. Er sagte auch, dass das Quotensystem der EU \u201epraktisch gleichbedeutend mit der Versendung einer Einladung an Millionen von Migranten\u201d sei und nannte es inakzeptabel.<\/p>\n<p>Die Staats- und Regierungschefs der EU werden ihre Meinung nur \u00e4ndern, wenn die W\u00e4hler ihrer Stimme Geh\u00f6r verschaffen, betonte Tuzson und forderte die Menschen auf, zum Quotenreferendum der Regierung zu erscheinen, das im Herbst stattfinden soll.<\/p>\n<p>Die Umfrage habe in mehreren anderen Mitgliedstaaten, darunter Ungarn, ein recht starkes Engagement gegen\u00fcber der EU festgestellt, sagte er. \u201e\u00dcberall in der Union bestanden 64 Prozent der Befragten darauf, EU-B\u00fcrger zu bleiben, f\u00fcgte L\u00e1nczi hinzu.<\/p>\n<p>&nbsp;<\/p>\n<p><em>Foto: MTI \u2013 Lager in Serbien<\/em><\/p>\n","protected":false},"excerpt":{"rendered":"<p>Budapest, 19. Juli (MTI) 6 Die Mehrheit der Europ\u00e4er \u00e4u\u00dferte sich besorgt \u00fcber die Folgen der illegalen Migration und war mit der Migrationspolitik Br\u00fcssels unzufrieden, sagte der Chefanalyst des Forschungsunternehmens Sz\u00e1zadv\u00e9g Foundation am Dienstag auf einer Konferenz und skizzierte die Ergebnisse von eine EU-weite Umfrage. Tam\u00e1s L\u00e1nczi sagte, Szazadveg habe 28.000 Menschen im 28-k\u00f6pfigen Block [&hellip;]<\/p>\n","protected":false},"author":2,"featured_media":756507,"comment_status":"open","ping_status":"open","sticky":false,"template":"","format":"standard","meta":{"_acf_changed":false,"_display_image":"","footnotes":""},"categories":[1098],"tags":[1082,1445,1139],"class_list":["post-756506","post","type-post","status-publish","format-standard","has-post-thumbnail","hentry","category-gesellschaft","tag-europaische-union","tag-migration","tag-umfrage"],"blocksy_meta":[],"acf":[],"author_username":"alk","telegram_post":"","public_post_metadata":{"breaking_news":"","important":"","csempe":"","center_tile":"","disable_thumbnail":"","target_lang":"","_featured_image_style":"","telegram_post":"","_xlat_group_id":""},"public_rank_math_data":{"title":"%title% %sep% %sitename%","description":"","focus_keyword":"","canonical_url":"","robots":"","primary_category":"1098","breadcrumb_title":"","facebook_title":"","facebook_description":"","facebook_image":"","facebook_image_id":"","twitter_title":"","twitter_description":"","twitter_image":"","twitter_image_id":"","twitter_card_type":"","twitter_use_facebook":"","advanced_robots":"","pillar_content":"","seo_score":"","contentai_score":"","rich_snippet":""},"_links":{"self":[{"href":"https:\/\/dailynewshungary.com\/de\/wp-json\/wp\/v2\/posts\/756506","targetHints":{"allow":["GET"]}}],"collection":[{"href":"https:\/\/dailynewshungary.com\/de\/wp-json\/wp\/v2\/posts"}],"about":[{"href":"https:\/\/dailynewshungary.com\/de\/wp-json\/wp\/v2\/types\/post"}],"author":[{"embeddable":true,"href":"https:\/\/dailynewshungary.com\/de\/wp-json\/wp\/v2\/users\/2"}],"replies":[{"embeddable":true,"href":"https:\/\/dailynewshungary.com\/de\/wp-json\/wp\/v2\/comments?post=756506"}],"version-history":[{"count":0,"href":"https:\/\/dailynewshungary.com\/de\/wp-json\/wp\/v2\/posts\/756506\/revisions"}],"wp:featuredmedia":[{"embeddable":true,"href":"https:\/\/dailynewshungary.com\/de\/wp-json\/wp\/v2\/media\/756507"}],"wp:attachment":[{"href":"https:\/\/dailynewshungary.com\/de\/wp-json\/wp\/v2\/media?parent=756506"}],"wp:term":[{"taxonomy":"category","embeddable":true,"href":"https:\/\/dailynewshungary.com\/de\/wp-json\/wp\/v2\/categories?post=756506"},{"taxonomy":"post_tag","embeddable":true,"href":"https:\/\/dailynewshungary.com\/de\/wp-json\/wp\/v2\/tags?post=756506"}],"curies":[{"name":"wp","href":"https:\/\/api.w.org\/{rel}","templated":true}]}}