{"id":756518,"date":"2016-07-18T21:30:57","date_gmt":"2016-07-18T19:30:57","guid":{"rendered":"https:\/\/dailynewshungary.com\/de\/ungarns-regierung-offentlichkeit-vor-gefahren-zu-warnen-der-brusseler-migrationspolitik\/"},"modified":"2016-07-18T21:30:57","modified_gmt":"2016-07-18T19:30:57","slug":"ungarns-regierung-offentlichkeit-vor-gefahren-zu-warnen-der-brusseler-migrationspolitik","status":"publish","type":"post","link":"https:\/\/dailynewshungary.com\/de\/ungarns-regierung-offentlichkeit-vor-gefahren-zu-warnen-der-brusseler-migrationspolitik\/","title":{"rendered":"Ungarns Regierung: \u00d6ffentlichkeit \u2018vor Gefahren zu warnen\u2019 der Br\u00fcsseler Migrationspolitik"},"content":{"rendered":"<p><strong>Budapest, 10. Juli (MTI) \u201eDas Ziel der laufenden Informationskampagne im Zusammenhang mit dem von der Regierung gef\u00f6rderten Referendum \u00fcber die Migrantenquoten der Europ\u00e4ischen Union besteht darin, die \u00d6ffentlichkeit auf \u201edie Gefahren der fehlerhaften Migrationspolitik\u201czu aufmerksam zu machen, die Br\u00fcssel verfolgt, so eine Regierung Beamter sagte am Montag.<\/strong><\/p>\n<p>Bence Tuzson, Staatssekret\u00e4r f\u00fcr Regierungskommunikation im Kabinettsb\u00fcro, sagte in einer Erkl\u00e4rung, dass die Informationskampagne der Regierung bez\u00fcglich der Volksabstimmung \u00fcber die \u201cZwangsansiedlung\u201d von Migranten in eine neue Phase eintritt.<\/p>\n<p>Neue Botschaften werde man auf Werbetafeln im Freien, in der Presse und im Internet sowie in Rundfunkmedien sehen, bemerkte erSie konzentrieren sich auf die Ablehnung jeglicher Geldbu\u00dfen, die die Europ\u00e4ische Kommission gegen Nichteinhaltung von der Regierung erhebt, sowie auf die Gefahren des Terrorismus und die Bedrohung der ungarischen Kultur und Traditionen, die Migranten mit sich bringen, sagte er.<\/p>\n<p>Gleichzeitig pr\u00e4sentierten Migranten keine L\u00f6sung f\u00fcr wirtschaftliche oder demografische Probleme, betonte erDie Kampagne werde den wachsenden Migrationsdruck von Jahr zu Jahr hervorheben, sagte er und f\u00fcgte hinzu, dass statt Zwangsansiedlung die Grenzen des Blocks gesch\u00fctzt werden sollten.<\/p>\n","protected":false},"excerpt":{"rendered":"<p>Budapest, 10. Juli (MTI) \u201eDas Ziel der laufenden Informationskampagne im Zusammenhang mit dem von der Regierung gef\u00f6rderten Referendum \u00fcber die Migrantenquoten der Europ\u00e4ischen Union besteht darin, die \u00d6ffentlichkeit auf \u201edie Gefahren der fehlerhaften Migrationspolitik\u201czu aufmerksam zu machen, die Br\u00fcssel verfolgt, so eine Regierung Beamter sagte am Montag. Bence Tuzson, Staatssekret\u00e4r f\u00fcr Regierungskommunikation im Kabinettsb\u00fcro, sagte [&hellip;]<\/p>\n","protected":false},"author":2,"featured_media":756519,"comment_status":"open","ping_status":"open","sticky":false,"template":"","format":"standard","meta":{"_acf_changed":false,"_display_image":"","footnotes":""},"categories":[1081],"tags":[1082,1445,3772],"class_list":["post-756518","post","type-post","status-publish","format-standard","has-post-thumbnail","hentry","category-politik","tag-europaische-union","tag-migration","tag-referendum-uber-migrantenquoten"],"blocksy_meta":[],"acf":[],"author_username":"alk","telegram_post":"","public_post_metadata":{"breaking_news":"","important":"","csempe":"","center_tile":"","disable_thumbnail":"","target_lang":"","_featured_image_style":"","telegram_post":"","_xlat_group_id":""},"public_rank_math_data":{"title":"%title% %sep% %sitename%","description":"","focus_keyword":"","canonical_url":"","robots":"","primary_category":"1081","breadcrumb_title":"","facebook_title":"","facebook_description":"","facebook_image":"","facebook_image_id":"","twitter_title":"","twitter_description":"","twitter_image":"","twitter_image_id":"","twitter_card_type":"","twitter_use_facebook":"","advanced_robots":"","pillar_content":"","seo_score":"","contentai_score":"","rich_snippet":""},"_links":{"self":[{"href":"https:\/\/dailynewshungary.com\/de\/wp-json\/wp\/v2\/posts\/756518","targetHints":{"allow":["GET"]}}],"collection":[{"href":"https:\/\/dailynewshungary.com\/de\/wp-json\/wp\/v2\/posts"}],"about":[{"href":"https:\/\/dailynewshungary.com\/de\/wp-json\/wp\/v2\/types\/post"}],"author":[{"embeddable":true,"href":"https:\/\/dailynewshungary.com\/de\/wp-json\/wp\/v2\/users\/2"}],"replies":[{"embeddable":true,"href":"https:\/\/dailynewshungary.com\/de\/wp-json\/wp\/v2\/comments?post=756518"}],"version-history":[{"count":0,"href":"https:\/\/dailynewshungary.com\/de\/wp-json\/wp\/v2\/posts\/756518\/revisions"}],"wp:featuredmedia":[{"embeddable":true,"href":"https:\/\/dailynewshungary.com\/de\/wp-json\/wp\/v2\/media\/756519"}],"wp:attachment":[{"href":"https:\/\/dailynewshungary.com\/de\/wp-json\/wp\/v2\/media?parent=756518"}],"wp:term":[{"taxonomy":"category","embeddable":true,"href":"https:\/\/dailynewshungary.com\/de\/wp-json\/wp\/v2\/categories?post=756518"},{"taxonomy":"post_tag","embeddable":true,"href":"https:\/\/dailynewshungary.com\/de\/wp-json\/wp\/v2\/tags?post=756518"}],"curies":[{"name":"wp","href":"https:\/\/api.w.org\/{rel}","templated":true}]}}