{"id":756522,"date":"2016-07-18T19:10:25","date_gmt":"2016-07-18T17:10:25","guid":{"rendered":"https:\/\/dailynewshungary.com\/de\/treffen-der-eu-ausenminister-szijjarto-fordert-bemuhungen-zum-schutz-europas\/"},"modified":"2016-07-18T19:10:25","modified_gmt":"2016-07-18T17:10:25","slug":"treffen-der-eu-ausenminister-szijjarto-fordert-bemuhungen-zum-schutz-europas","status":"publish","type":"post","link":"https:\/\/dailynewshungary.com\/de\/treffen-der-eu-ausenminister-szijjarto-fordert-bemuhungen-zum-schutz-europas\/","title":{"rendered":"Treffen der EU-Au\u00dfenminister \u2013 Szijj\u00e1rt\u00f3 fordert Bem\u00fchungen zum \u201eSchutz Europas\u2019"},"content":{"rendered":"<p><strong>Br\u00fcssel, 18. Juli (MTI) \u201eEuropa hat sich in vielerlei Hinsicht als \u201everteidigungslos\u201cerwiesen, und daher besteht die vorrangige Aufgabe darin, den Block zu sch\u00fctzen, sagte P\u00e9ter Szijj\u00e1rt\u00f3, Ungarns Au\u00dfenminister, am Montag in Br\u00fcssel.<\/strong><\/p>\n<p>Bei einem Treffen seiner europ\u00e4ischen Amtskollegen sagte Szijj\u00e1rt\u00f3, das Risiko des Terrorismus in der Europ\u00e4ischen Union sei noch nie so hoch gewesen wie heute.<\/p>\n<p>Die Grundursache des Terrorismus muss behandelt werden und den Tatsachen muss ehrlich begegnet werden Eine Tatsache ist, dass die EU nicht in der Lage war, Radikalismus au\u00dferhalb ihrer Grenzen zu halten.<\/p>\n<p>Der weltweite Kampf gegen den Terrorismus sollte intensiviert werden, sagte Szijj\u00e1rt\u00f3 und wies darauf hin, dass Ungarn zu den 23 Nationen geh\u00f6re, die Soldaten gegen die Terrororganisation Islamischer Staat stationiert h\u00e4tten. Das 123 Mann starke ungarische Kontingent, das in Kurdistan stationiert sei, werde bis Ende des Jahres um 150 Soldaten verst\u00e4rkt und sein T\u00e4tigkeitsbereich auch auf die Ausbildung ausgeweitet, sagte er.<\/p>\n<p>Ungarn und Europa insgesamt h\u00e4tten ein Interesse daran, dass die t\u00fcrkische Regierung die Lage vollst\u00e4ndig in den Griff bekomme, sagte Szijj\u00e1rt\u00f3Es w\u00e4re ein gro\u00dfes Risiko, wenn die T\u00fcrkei, die zweitgr\u00f6\u00dfte NATO-Truppe und der wichtigste politische Partner der EU in Migrationsangelegenheiten, nicht von demokratisch gew\u00e4hlten Machthabern regiert w\u00fcrde, f\u00fcgte er hinzu.<\/p>\n<p>\u201cDas Wichtigste, was die T\u00fcrkei drei Tage nach dem Putsch braucht, der auf den Sturz ihrer verfassungsm\u00e4\u00dfigen Ordnung abzielt, ist Solidarit\u00e4t. Jeder Versuch, ihr von au\u00dfen zu helfen, wird den Prozess der Beilegung nur behindern\u201d, sagte er.<\/p>\n<p>Bez\u00fcglich des Treffens sagte Szijj\u00e1rt\u00f3, die EU wolle mit den Nationen zusammenarbeiten, die Migrationsquellen seien oder entlang der Transitrouten l\u00e4gen.<\/p>\n<p>Die Minister waren sich einig, dass \u201eEntwicklungsgelder, die aus europ\u00e4ischen Steuergeldern finanziert werden, nur L\u00e4ndern zur Verf\u00fcgung gestellt werden sollten, die Ma\u00dfnahmen ergreifen, um sicherzustellen, dass sie keine Migrationsquellen oder Transitl\u00e4nder sind\u201csagte er\u201d.<\/p>\n<p>Ungarn bestand darauf, dass die EU neben der T\u00fcrkei, dem Libanon und Jordanien engere Beziehungen zum irakischen Kurdistan aufbauen sollte, sagte Szijj\u00e1rt\u00f3.<\/p>\n<p><strong>Szijj\u00e1rt\u00f3: Ungarn unterst\u00fctzt Serbiens EU-Beitrittsbem\u00fchungen uneingeschr\u00e4nkt<\/strong><\/p>\n<p><strong>Ungarn leiste Serbien jede erdenkliche Hilfe zur Unterst\u00fctzung seiner Bem\u00fchungen um einen Beitritt zur Europ\u00e4ischen Union, sagte der Au\u00dfenminister P\u00e9ter Szijj\u00e1rt\u00f3 am Montag gegen\u00fcber MTI und f\u00fcgte hinzu, dass er jeden Versuch, die EU-Mitgliedschaft des Landes zu blockieren, f\u00fcr \u201einakzeptabel\u201cf\u00e4nde.<\/strong><\/p>\n<p>Am Rande eines EU-Au\u00dfenministertreffens sagte Szijj\u00e1rt\u00f3, dass der schnellste Weg zur Stabilisierung des Westbalkans \u00fcber die weitere Integration der L\u00e4nder der Region in die NATO und die EU liege. Es liegt im Interesse Ungarns, dass die L\u00e4nder des Westbalkans bei ihren Beitrittsbem\u00fchungen so schnell wie m\u00f6glich vorankommen.<\/p>\n<p>Die Stabilisierung der Region liege im nationalen, sicherheitspolitischen und nationalstrategischen Interesse Ungarns, sagte er.<\/p>\n<p>\u201cWenn alle unsere Nachbarn solche Verbindungen zu ihren ethnischen ungarischen Gemeinschaften aufgebaut h\u00e4tten, g\u00e4be es im Karpatenbecken weniger Probleme\u201d, sagte er.<\/p>\n<p>Szijj\u00e1r\u00f3 wies darauf hin, dass sich die EU-Minister und ihre Amtskollegen aus den Golf-Mitgliedern, Kuwait, Oman, Katar, Saudi-Arabien und den Vereinigten Arabischen Emiraten sp\u00e4ter am Tag des Kooperationsrates in Br\u00fcssel treffen w\u00fcrden. Er sagte, die betroffenen Parteien sollten die Zusammenarbeit entwickeln, insbesondere wenn es um die Bew\u00e4ltigung der Migrationskrise und die Unterst\u00fctzung Jordaniens, des libanesischen irakischen Kurdistans geht, die Millionen von Fl\u00fcchtlingen einen sicheren Zufluchtsort geboten haben. Sie sollten auch ihre Bem\u00fchungen gegen die Terrororganisation Islamischer Staat verst\u00e4rken, sagte er.<\/p>\n<p><em>Foto: MTI\/EPA\/Laurent Dubrule<\/em><\/p>\n","protected":false},"excerpt":{"rendered":"<p>Br\u00fcssel, 18. Juli (MTI) \u201eEuropa hat sich in vielerlei Hinsicht als \u201everteidigungslos\u201cerwiesen, und daher besteht die vorrangige Aufgabe darin, den Block zu sch\u00fctzen, sagte P\u00e9ter Szijj\u00e1rt\u00f3, Ungarns Au\u00dfenminister, am Montag in Br\u00fcssel. Bei einem Treffen seiner europ\u00e4ischen Amtskollegen sagte Szijj\u00e1rt\u00f3, das Risiko des Terrorismus in der Europ\u00e4ischen Union sei noch nie so hoch gewesen wie [&hellip;]<\/p>\n","protected":false},"author":2,"featured_media":756523,"comment_status":"open","ping_status":"open","sticky":false,"template":"","format":"standard","meta":{"_acf_changed":false,"_display_image":"","footnotes":""},"categories":[1081],"tags":[1470,1082,1543],"class_list":["post-756522","post","type-post","status-publish","format-standard","has-post-thumbnail","hentry","category-politik","tag-ausenministerium-fur-ungarn","tag-europaische-union","tag-terrorismus"],"blocksy_meta":[],"acf":[],"author_username":"alk","telegram_post":"","public_post_metadata":{"breaking_news":"","important":"","csempe":"","center_tile":"","disable_thumbnail":"","target_lang":"","_featured_image_style":"","telegram_post":"","_xlat_group_id":""},"public_rank_math_data":{"title":"%title% %sep% %sitename%","description":"","focus_keyword":"","canonical_url":"","robots":"","primary_category":"1081","breadcrumb_title":"","facebook_title":"","facebook_description":"","facebook_image":"","facebook_image_id":"","twitter_title":"","twitter_description":"","twitter_image":"","twitter_image_id":"","twitter_card_type":"","twitter_use_facebook":"","advanced_robots":"","pillar_content":"","seo_score":"","contentai_score":"","rich_snippet":""},"_links":{"self":[{"href":"https:\/\/dailynewshungary.com\/de\/wp-json\/wp\/v2\/posts\/756522","targetHints":{"allow":["GET"]}}],"collection":[{"href":"https:\/\/dailynewshungary.com\/de\/wp-json\/wp\/v2\/posts"}],"about":[{"href":"https:\/\/dailynewshungary.com\/de\/wp-json\/wp\/v2\/types\/post"}],"author":[{"embeddable":true,"href":"https:\/\/dailynewshungary.com\/de\/wp-json\/wp\/v2\/users\/2"}],"replies":[{"embeddable":true,"href":"https:\/\/dailynewshungary.com\/de\/wp-json\/wp\/v2\/comments?post=756522"}],"version-history":[{"count":0,"href":"https:\/\/dailynewshungary.com\/de\/wp-json\/wp\/v2\/posts\/756522\/revisions"}],"wp:featuredmedia":[{"embeddable":true,"href":"https:\/\/dailynewshungary.com\/de\/wp-json\/wp\/v2\/media\/756523"}],"wp:attachment":[{"href":"https:\/\/dailynewshungary.com\/de\/wp-json\/wp\/v2\/media?parent=756522"}],"wp:term":[{"taxonomy":"category","embeddable":true,"href":"https:\/\/dailynewshungary.com\/de\/wp-json\/wp\/v2\/categories?post=756522"},{"taxonomy":"post_tag","embeddable":true,"href":"https:\/\/dailynewshungary.com\/de\/wp-json\/wp\/v2\/tags?post=756522"}],"curies":[{"name":"wp","href":"https:\/\/api.w.org\/{rel}","templated":true}]}}