{"id":756584,"date":"2016-07-15T22:50:21","date_gmt":"2016-07-15T20:50:21","guid":{"rendered":"https:\/\/dailynewshungary.com\/de\/asem-gipfel-ungarn-drangt-auf-strategische-zusammenarbeit-zwischen-europa-und-asien\/"},"modified":"2016-07-15T22:50:21","modified_gmt":"2016-07-15T20:50:21","slug":"asem-gipfel-ungarn-drangt-auf-strategische-zusammenarbeit-zwischen-europa-und-asien","status":"publish","type":"post","link":"https:\/\/dailynewshungary.com\/de\/asem-gipfel-ungarn-drangt-auf-strategische-zusammenarbeit-zwischen-europa-und-asien\/","title":{"rendered":"ASEM-Gipfel \u2013 Ungarn dr\u00e4ngt auf strategische Zusammenarbeit zwischen Europa und Asien"},"content":{"rendered":"<p><strong>Ulaanbaatar, 15. Juli (MTI) \u201eEuropa muss eine strategische Zusammenarbeit mit asiatischen L\u00e4ndern aufbauen, um seine Wettbewerbsf\u00e4higkeit wiederzugewinnen, sagte Ungarns Au\u00dfenminister am Freitag.<\/strong><\/p>\n<p>Europa stehe vor seinen gr\u00f6\u00dften Herausforderungen in Bezug auf Wirtschaft, Energiesicherheit und Migration seit dem Zweiten Weltkrieg, sagte P\u00e9ter Szijj\u00e1rt\u00f3 gegen\u00fcber MTI aus Ulaanbaatar, Mongolei, wo er am Asien-Europa-Treffen (ASEM) teilnehme.<\/p>\n<p>Europa werde seine Herausforderungen nur bew\u00e4ltigen k\u00f6nnen, wenn es mit den am schnellsten wachsenden asiatischen Volkswirtschaften zusammenarbeite, sagte er.<\/p>\n<p>Die strategische Zusammenarbeit zwischen Europa und Asien werde die Unterzeichnung von Freihandelsabkommen erfordern, damit Investitionen und Handel nicht durch b\u00fcrokratische Barrieren behindert w\u00fcrden, f\u00fcgte er hinzu.<\/p>\n<p><iframe loading=\"lazy\" style=\"border: none; overflow: hidden;\" src=\"https:\/\/www.facebook.com\/plugins\/post.php?href=https%3A%2F%2Fwww.facebook.com%2Fdailynewshungary%2Fposts%2F1051663584869212&amp;width=500\" width=\"500\" height=\"334\" frameborder=\"0\" scrolling=\"no\"><\/iframe><\/p>\n<p>Ungarn dr\u00e4ngt die Europ\u00e4ische Union, so bald wie m\u00f6glich Freihandelsabkommen mit Malaysia, Thailand und Neuseeland zu unterzeichnen, sagte erDer Minister forderte au\u00dferdem Verkehrsinvestitionen, die die Transportzeiten zwischen den beiden Kontinenten verk\u00fcrzen k\u00f6nnten.<\/p>\n<p>Szijj\u00e1rt\u00f3 betonte auch die Bedeutung der regionalen Zusammenarbeit und wies darauf hin, dass das Abkommen zwischen Mitteleuropa und China eine gute Grundlage f\u00fcr die europ\u00e4isch-asiatische Zusammenarbeit sein k\u00f6nne.<\/p>\n<p>Er sagte, Ungarns Handelsumsatz mit asiatischen L\u00e4ndern wachse \u201cdynamisch\u201d und f\u00fcgte hinzu, dass neue Exportgenehmigungen, die Ungarn von China, Japan, S\u00fcdkorea und Vietnam erteilt wurden, die ungarischen Exporte in die Region weiter steigern k\u00f6nnten.<\/p>\n<p><em>Foto: MTI\/AP\/Damir Sagolj<\/em><\/p>\n","protected":false},"excerpt":{"rendered":"<p>Ulaanbaatar, 15. Juli (MTI) \u201eEuropa muss eine strategische Zusammenarbeit mit asiatischen L\u00e4ndern aufbauen, um seine Wettbewerbsf\u00e4higkeit wiederzugewinnen, sagte Ungarns Au\u00dfenminister am Freitag. Europa stehe vor seinen gr\u00f6\u00dften Herausforderungen in Bezug auf Wirtschaft, Energiesicherheit und Migration seit dem Zweiten Weltkrieg, sagte P\u00e9ter Szijj\u00e1rt\u00f3 gegen\u00fcber MTI aus Ulaanbaatar, Mongolei, wo er am Asien-Europa-Treffen (ASEM) teilnehme. Europa werde [&hellip;]<\/p>\n","protected":false},"author":2,"featured_media":756585,"comment_status":"open","ping_status":"open","sticky":false,"template":"","format":"standard","meta":{"_acf_changed":false,"_display_image":"","footnotes":""},"categories":[1081],"tags":[1094,1169,1082],"class_list":["post-756584","post","type-post","status-publish","format-standard","has-post-thumbnail","hentry","category-politik","tag-asien","tag-aussenministerium-von-ungarn","tag-europaische-union"],"blocksy_meta":[],"acf":[],"author_username":"alk","telegram_post":"","public_post_metadata":{"breaking_news":"","important":"","csempe":"","center_tile":"","disable_thumbnail":"","target_lang":"","_featured_image_style":"","telegram_post":"","_xlat_group_id":""},"public_rank_math_data":{"title":"%title% %sep% %sitename%","description":"","focus_keyword":"","canonical_url":"","robots":"","primary_category":"1081","breadcrumb_title":"","facebook_title":"","facebook_description":"","facebook_image":"","facebook_image_id":"","twitter_title":"","twitter_description":"","twitter_image":"","twitter_image_id":"","twitter_card_type":"","twitter_use_facebook":"","advanced_robots":"","pillar_content":"","seo_score":"","contentai_score":"","rich_snippet":""},"_links":{"self":[{"href":"https:\/\/dailynewshungary.com\/de\/wp-json\/wp\/v2\/posts\/756584","targetHints":{"allow":["GET"]}}],"collection":[{"href":"https:\/\/dailynewshungary.com\/de\/wp-json\/wp\/v2\/posts"}],"about":[{"href":"https:\/\/dailynewshungary.com\/de\/wp-json\/wp\/v2\/types\/post"}],"author":[{"embeddable":true,"href":"https:\/\/dailynewshungary.com\/de\/wp-json\/wp\/v2\/users\/2"}],"replies":[{"embeddable":true,"href":"https:\/\/dailynewshungary.com\/de\/wp-json\/wp\/v2\/comments?post=756584"}],"version-history":[{"count":0,"href":"https:\/\/dailynewshungary.com\/de\/wp-json\/wp\/v2\/posts\/756584\/revisions"}],"wp:featuredmedia":[{"embeddable":true,"href":"https:\/\/dailynewshungary.com\/de\/wp-json\/wp\/v2\/media\/756585"}],"wp:attachment":[{"href":"https:\/\/dailynewshungary.com\/de\/wp-json\/wp\/v2\/media?parent=756584"}],"wp:term":[{"taxonomy":"category","embeddable":true,"href":"https:\/\/dailynewshungary.com\/de\/wp-json\/wp\/v2\/categories?post=756584"},{"taxonomy":"post_tag","embeddable":true,"href":"https:\/\/dailynewshungary.com\/de\/wp-json\/wp\/v2\/tags?post=756584"}],"curies":[{"name":"wp","href":"https:\/\/api.w.org\/{rel}","templated":true}]}}